{"id":3934,"date":"2015-03-13T17:47:33","date_gmt":"2015-03-13T17:47:33","guid":{"rendered":"http:\/\/www.federacaopaulistadefutsal.com.br\/?p=3934"},"modified":"2015-03-13T17:47:33","modified_gmt":"2015-03-13T17:47:33","slug":"apos-goleada-intelli-volta-a-jogar-em-casa-pela-liga-paulista","status":"publish","type":"post","link":"https:\/\/www.federacaopaulistadefutsal.com.br\/novo\/apos-goleada-intelli-volta-a-jogar-em-casa-pela-liga-paulista\/","title":{"rendered":"Ap\u00f3s goleada, Intelli volta a jogar em casa pela Liga Paulista"},"content":{"rendered":"<p>Depois de vencer a AD Yoka por 7 a 0 na \u00faltima ter\u00e7a-feira, no Vale do Para\u00edba, a Intelli\/Orl\u00e2ndia volta a jogar em casa pela Liga Paulista de Futsal. O rival desta sexta-feira (13) \u00e9 a AABB\/Mapfre, \u00e0s 20h15min, no Gin\u00e1sio Maur\u00edcio Leite de Moraes, em Orl\u00e2ndia, pela terceira rodada da competi\u00e7\u00e3o.<br \/>\nIntelli e Sorocaba dividem a lideran\u00e7a da LPF com seis pontos. J\u00e1 o rival de Orl\u00e2ndia na rodada, a AABB, far\u00e1 sua estreia no campeonato.<br \/>\nO piv\u00f4 Dieguinho, que marcou dois gols nos dois primeiros jogos, falou sobre o compromisso desta sexta-feira.<br \/>\n&#8211; <strong>Estamos vindo de um \u00f3timo resultado fora de casa e nossa meta \u00e9 seguir lutando pela primeira posi\u00e7\u00e3o. A AABBnormalmente faz bons times e \u00e9 um dos fortes advers\u00e1rios na Liga Paulista, mas dentro de casa temos de impor nosso ritmo e conquistar os tr\u00eas pontos<\/strong> &#8211; disse Dieguinho.<br \/>\nPor Assessoria FPFS<br \/>\nCom informa\u00e7\u00f5es Marca Assessoria<\/p>\n","protected":false},"excerpt":{"rendered":"<p>Depois de vencer a AD Yoka por 7 a 0 na \u00faltima ter\u00e7a-feira, no Vale do Para\u00edba, a Intelli\/Orl\u00e2ndia volta<\/p>\n","protected":false},"author":1,"featured_media":3935,"comment_status":"closed","ping_status":"open","sticky":false,"template":"","format":"standard","meta":{"footnotes":""},"categories":[25,31],"tags":[136,1323,1525,1789],"class_list":["post-3934","post","type-post","status-publish","format-standard","has-post-thumbnail","hentry","category-destaques","category-liga-paulista-de-futsal","tag-aabbmapfre","tag-intelli","tag-liga-paulista","tag-orlandia"],"_links":{"self":[{"href":"https:\/\/www.federacaopaulistadefutsal.com.br\/novo\/wp-json\/wp\/v2\/posts\/3934","targetHints":{"allow":["GET"]}}],"collection":[{"href":"https:\/\/www.federacaopaulistadefutsal.com.br\/novo\/wp-json\/wp\/v2\/posts"}],"about":[{"href":"https:\/\/www.federacaopaulistadefutsal.com.br\/novo\/wp-json\/wp\/v2\/types\/post"}],"author":[{"embeddable":true,"href":"https:\/\/www.federacaopaulistadefutsal.com.br\/novo\/wp-json\/wp\/v2\/users\/1"}],"replies":[{"embeddable":true,"href":"https:\/\/www.federacaopaulistadefutsal.com.br\/novo\/wp-json\/wp\/v2\/comments?post=3934"}],"version-history":[{"count":0,"href":"https:\/\/www.federacaopaulistadefutsal.com.br\/novo\/wp-json\/wp\/v2\/posts\/3934\/revisions"}],"wp:featuredmedia":[{"embeddable":true,"href":"https:\/\/www.federacaopaulistadefutsal.com.br\/novo\/wp-json\/"}],"wp:attachment":[{"href":"https:\/\/www.federacaopaulistadefutsal.com.br\/novo\/wp-json\/wp\/v2\/media?parent=3934"}],"wp:term":[{"taxonomy":"category","embeddable":true,"href":"https:\/\/www.federacaopaulistadefutsal.com.br\/novo\/wp-json\/wp\/v2\/categories?post=3934"},{"taxonomy":"post_tag","embeddable":true,"href":"https:\/\/www.federacaopaulistadefutsal.com.br\/novo\/wp-json\/wp\/v2\/tags?post=3934"}],"curies":[{"name":"wp","href":"https:\/\/api.w.org\/{rel}","templated":true}]}}