{"id":39515,"date":"2025-02-04T14:28:49","date_gmt":"2025-02-04T14:28:49","guid":{"rendered":"https:\/\/www.federacaopaulistadefutsal.com.br\/novo\/?p=39515"},"modified":"2026-04-09T16:28:10","modified_gmt":"2026-04-09T16:28:10","slug":"%f0%9f%9a%a8-capacitacao-profissional-para-atendentes-de-quadra-fpfs-%e2%9a%bd%f0%9f%8e%93","status":"publish","type":"post","link":"https:\/\/www.federacaopaulistadefutsal.com.br\/novo\/%f0%9f%9a%a8-capacitacao-profissional-para-atendentes-de-quadra-fpfs-%e2%9a%bd%f0%9f%8e%93\/","title":{"rendered":"CAPACITA\u00c7\u00c3O PROFISSIONAL PARA ATENDENTES DE QUADRA \u2013 FPFS"},"content":{"rendered":"<p>A <strong>Federa\u00e7\u00e3o Paulista de Futebol de Sal\u00e3o (FPFS)<\/strong>, em parceria com a <strong>Futsal Academy<\/strong>, convida todos os profissionais e interessados a participarem do <strong>Curso de Forma\u00e7\u00e3o para Atendentes de Quadra<\/strong>. Com um conte\u00fado te\u00f3rico e pr\u00e1tico de excel\u00eancia, esta capacita\u00e7\u00e3o proporcionar\u00e1 conhecimentos fundamentais para atua\u00e7\u00e3o profissional no futsal.<\/p>\n<p>\ud83d\udd39 <strong>Objetivo:<\/strong><br \/>\nCapacitar profissionais para atuarem como <strong>Atendentes de Quadra<\/strong>, garantindo um atendimento \u00e1gil e seguro aos atletas durante as competi\u00e7\u00f5es da FPFS.<\/p>\n<p>\ud83d\udcc5 <strong>Data:<\/strong> 08 de mar\u00e7o de 2025 (s\u00e1bado)<br \/>\n\u23f0 <strong>Hor\u00e1rio:<\/strong> 08h00 \u00e0s 18h00 (Carga hor\u00e1ria: 10h)<br \/>\n\ud83d\udccd <strong>Local:<\/strong> Col\u00e9gio Amorim \u2013 Rua Serra de Bragan\u00e7a, 442 \u2013 Tatuap\u00e9, S\u00e3o Paulo\/SP<br \/>\n\ud83d\udcb0 <strong>Investimento:<\/strong> R$ 650,00 (pagamento via <strong>cart\u00e3o de cr\u00e9dito (at\u00e9 3x), boleto banc\u00e1rio ou Pix<\/strong>)<\/p>\n<p>\ud83d\udd0e <strong>P\u00fablico-Alvo:<\/strong><br \/>\n\u2705 Profissionais e interessados na \u00e1rea esportiva<br \/>\n\u2705 Atendentes de quadra de equipes de futsal<br \/>\n\u2705 Membros de comiss\u00f5es t\u00e9cnicas<br \/>\n\u2705 Maiores de <strong>18 anos<\/strong> com <strong>ensino m\u00e9dio completo<\/strong><\/p>\n<p>\ud83d\udccc <strong>Conte\u00fado Program\u00e1tico:<\/strong><\/p>\n<p>\ud83d\udd38 <strong>M\u00f3dulo 1 \u2013 Primeiros Socorros em Meio Esportivo<\/strong><br \/>\n\u2714 A profiss\u00e3o: Atendente de Quadra<br \/>\n\u2714 Regras de futsal aplicadas ao atendimento<br \/>\n\u2714 Materiais e equipamentos utilizados<br \/>\n\u2714 Termoterapia e bandagens funcionais<br \/>\n\u2714 Les\u00f5es osteomusculares e imobiliza\u00e7\u00f5es<br \/>\n\u2714 Trauma tor\u00e1cico e abdominal<br \/>\n\u2714 Altera\u00e7\u00f5es metab\u00f3licas e pranchamento de v\u00edtimas<\/p>\n<p>\ud83d\udd38 <strong>M\u00f3dulo 2 \u2013 Urg\u00eancias e Emerg\u00eancias<\/strong><br \/>\n\u2714 Diferen\u00e7a entre v\u00edtima cl\u00ednica e v\u00edtima traum\u00e1tica<br \/>\n\u2714 Ferimentos, hemorragias, entorses, luxa\u00e7\u00f5es e fraturas<br \/>\n\u2714 Avalia\u00e7\u00e3o prim\u00e1ria x avalia\u00e7\u00e3o secund\u00e1ria<br \/>\n\u2714 Parada cardiorrespirat\u00f3ria (RCP)<br \/>\n\u2714 Emerg\u00eancias cl\u00ednicas (infarto, AVC, convuls\u00e3o, engasgo)<\/p>\n<p>\u2615 <strong>Infraestrutura:<\/strong><br \/>\n\ud83d\udd39 Coffee Break incluso (manh\u00e3 e tarde)<br \/>\n\ud83d\udd39 Material de apoio exclusivo<\/p>\n<p>\ud83c\udfaf <strong>Certifica\u00e7\u00e3o:<\/strong><br \/>\nOs participantes que conclu\u00edrem o curso receber\u00e3o um <strong>certificado reconhecido pela FPFS<\/strong>, qualificando-os para atua\u00e7\u00e3o no futsal profissional.<\/p>\n<p>\ud83d\ude80 <strong>Inscreva-se j\u00e1!<\/strong><br \/>\n<a href=\"https:\/\/www.futsalacademy.com.br\/geral\/32\/atendente-de-quadra-turma-01\/\"><img decoding=\"async\" class=\"alignleft wp-image-39509 size-thumbnail\" src=\"https:\/\/www.federacaopaulistadefutsal.com.br\/novo\/wp-content\/uploads\/2025\/02\/FUTSAL-ACADEMY-CURSO-DE-CAPACITA\u00c7\u00c3O-DE-ATENDENTE-DE-QUADRA-2025-150x150.jpg\" alt=\"\" width=\"150\" height=\"150\" \/><\/a>Acesse <strong><a href=\"http:\/\/www.futsalacademy.com.br\" target=\"_new\" rel=\"noopener\">www.futsalacademy.com.br<\/a><\/strong>, fa\u00e7a seu cadastro e garanta sua vaga!<\/p>\n<p>\u26a0\ufe0f <strong>Vagas limitadas:<\/strong> <strong>M\u00ednimo de 20 e m\u00e1ximo de 30 participantes por turma<\/strong>. Caso a demanda seja superior, ser\u00e1 aberta uma turma extra.<\/p>\n<p>\ud83d\udce2 <strong>Capacite-se com excel\u00eancia e destaque-se no futsal profissional!<\/strong> \ud83c\udfc6\u26bd<\/p>\n","protected":false},"excerpt":{"rendered":"<p>A Federa\u00e7\u00e3o Paulista de Futebol de Sal\u00e3o (FPFS), em parceria com a Futsal Academy, convida todos os profissionais e interessados<\/p>\n","protected":false},"author":2,"featured_media":37664,"comment_status":"open","ping_status":"open","sticky":false,"template":"","format":"standard","meta":{"footnotes":""},"categories":[2653,2660,25,2662,2651,1],"tags":[3092,772,3313,42,1131,3019,3276],"class_list":["post-39515","post","type-post","status-publish","format-standard","has-post-thumbnail","hentry","category-cursos","category-home-destaque","category-destaques","category-homeparte3","category-noticias","category-novidades","tag-atendente-de-quadra","tag-curso","tag-curso-de-capacitacao","tag-fpfs","tag-futsal","tag-futsal-academy","tag-primeiros-socorros"],"_links":{"self":[{"href":"https:\/\/www.federacaopaulistadefutsal.com.br\/novo\/wp-json\/wp\/v2\/posts\/39515","targetHints":{"allow":["GET"]}}],"collection":[{"href":"https:\/\/www.federacaopaulistadefutsal.com.br\/novo\/wp-json\/wp\/v2\/posts"}],"about":[{"href":"https:\/\/www.federacaopaulistadefutsal.com.br\/novo\/wp-json\/wp\/v2\/types\/post"}],"author":[{"embeddable":true,"href":"https:\/\/www.federacaopaulistadefutsal.com.br\/novo\/wp-json\/wp\/v2\/users\/2"}],"replies":[{"embeddable":true,"href":"https:\/\/www.federacaopaulistadefutsal.com.br\/novo\/wp-json\/wp\/v2\/comments?post=39515"}],"version-history":[{"count":4,"href":"https:\/\/www.federacaopaulistadefutsal.com.br\/novo\/wp-json\/wp\/v2\/posts\/39515\/revisions"}],"predecessor-version":[{"id":41244,"href":"https:\/\/www.federacaopaulistadefutsal.com.br\/novo\/wp-json\/wp\/v2\/posts\/39515\/revisions\/41244"}],"wp:featuredmedia":[{"embeddable":true,"href":"https:\/\/www.federacaopaulistadefutsal.com.br\/novo\/wp-json\/wp\/v2\/media\/37664"}],"wp:attachment":[{"href":"https:\/\/www.federacaopaulistadefutsal.com.br\/novo\/wp-json\/wp\/v2\/media?parent=39515"}],"wp:term":[{"taxonomy":"category","embeddable":true,"href":"https:\/\/www.federacaopaulistadefutsal.com.br\/novo\/wp-json\/wp\/v2\/categories?post=39515"},{"taxonomy":"post_tag","embeddable":true,"href":"https:\/\/www.federacaopaulistadefutsal.com.br\/novo\/wp-json\/wp\/v2\/tags?post=39515"}],"curies":[{"name":"wp","href":"https:\/\/api.w.org\/{rel}","templated":true}]}}