{"id":39610,"date":"2025-04-08T16:45:32","date_gmt":"2025-04-08T16:45:32","guid":{"rendered":"https:\/\/www.federacaopaulistadefutsal.com.br\/novo\/?p=39610"},"modified":"2025-04-08T16:45:32","modified_gmt":"2025-04-08T16:45:32","slug":"selecao-brasileira-%f0%9f%87%a7%f0%9f%87%b7-x-%f0%9f%87%be%f0%9f%87%aa-selecao-paulista-%f0%9f%8e%a5-classico-do-futsal-sera-transmitido-ao-vivo-para-todo-o-brasil","status":"publish","type":"post","link":"https:\/\/www.federacaopaulistadefutsal.com.br\/novo\/selecao-brasileira-%f0%9f%87%a7%f0%9f%87%b7-x-%f0%9f%87%be%f0%9f%87%aa-selecao-paulista-%f0%9f%8e%a5-classico-do-futsal-sera-transmitido-ao-vivo-para-todo-o-brasil\/","title":{"rendered":"Sele\u00e7\u00e3o Brasileira \ud83c\udde7\ud83c\uddf7 x \ud83c\uddfe\ud83c\uddea Sele\u00e7\u00e3o Paulista: \ud83c\udfa5 Cl\u00e1ssico do Futsal ser\u00e1 transmitido ao vivo para todo o Brasil"},"content":{"rendered":"<h3 class=\"\" data-start=\"285\" data-end=\"461\"><strong data-start=\"289\" data-end=\"461\">BandSports, Canal Goat e TV Futsal FPFS exibem o amistoso in\u00e9dito entre a Sele\u00e7\u00e3o Brasileira e a Sele\u00e7\u00e3o Paulista, direto da Arena Sorocaba, nesta quinta (10), \u00e0s 19h30<\/strong><\/h3>\n<p class=\"\" data-start=\"463\" data-end=\"726\">Os amantes do futsal ter\u00e3o um encontro marcado com a hist\u00f3ria nesta <strong data-start=\"531\" data-end=\"562\">quinta-feira (10), \u00e0s 19h30<\/strong>, quando a <strong data-start=\"573\" data-end=\"595\">Sele\u00e7\u00e3o Brasileira<\/strong> enfrenta, pela primeira vez, a <strong data-start=\"627\" data-end=\"657\">Sele\u00e7\u00e3o Paulista de Futsal<\/strong>, em um <strong data-start=\"665\" data-end=\"695\">amistoso in\u00e9dito e oficial<\/strong>, direto da <strong data-start=\"707\" data-end=\"725\">Arena Sorocaba<\/strong>.<\/p>\n<p class=\"\" data-start=\"728\" data-end=\"896\">E para quem n\u00e3o puder estar presente nas arquibancadas, o espet\u00e1culo ter\u00e1 <strong data-start=\"802\" data-end=\"833\">transmiss\u00e3o multiplataforma<\/strong> e <strong data-start=\"836\" data-end=\"847\">ao vivo<\/strong> para todo o pa\u00eds atrav\u00e9s de tr\u00eas grandes canais:<\/p>\n<p><iframe title=\"YouTube video player\" src=\"https:\/\/www.youtube.com\/embed\/heiSUMcD_TY?si=EdMFEvRddvOZjxiv\" width=\"760\" height=\"415\" frameborder=\"0\" allowfullscreen=\"allowfullscreen\"><\/iframe><\/p>\n<p class=\"\" data-start=\"898\" data-end=\"1121\">\ud83d\udcfa <strong data-start=\"901\" data-end=\"915\">BandSports<\/strong> \u2013 na TV por assinatura<br data-start=\"938\" data-end=\"941\" \/> \ud83d\udcf1 <strong data-start=\"944\" data-end=\"958\">Canal Goat<\/strong> \u2013 no YouTube, com linguagem moderna e interativa<br data-start=\"1007\" data-end=\"1010\" \/> \ud83d\udce1 <strong data-start=\"1013\" data-end=\"1031\">TV Futsal FPFS<\/strong> \u2013 o canal oficial da Federa\u00e7\u00e3o Paulista de Futsal, transmitindo com olhar local e t\u00e9cnico<\/p>\n<figure style=\"width: 984px\" class=\"wp-caption aligncenter\"><img fetchpriority=\"high\" decoding=\"async\" src=\"https:\/\/s2-ge.glbimg.com\/c2rWKdbUyxqI4E6814lWTmcrsRE=\/0x0:1024x709\/984x0\/smart\/filters:strip_icc()\/i.s3.glbimg.com\/v1\/AUTH_bc8228b6673f488aa253bbcb03c80ec5\/internal_photos\/bs\/2021\/n\/b\/D5FBPwSXSBptLW1vJnpQ\/gettyimages-1340766567.jpg\" alt=\"\" width=\"984\" height=\"681\" \/><figcaption class=\"wp-caption-text\">Rodrigo 100 gols Brasil futsal \u2014 Foto: Chris Ricco\/FIFA<\/figcaption><\/figure>\n<p class=\"\" data-start=\"1123\" data-end=\"1422\">Ser\u00e1 uma verdadeira celebra\u00e7\u00e3o do futsal nacional, com <strong data-start=\"1178\" data-end=\"1219\">nomes consagrados do cen\u00e1rio paulista<\/strong>, como <strong data-start=\"1226\" data-end=\"1289\">Rodrigo Capita, Andr\u00e9 Deko, Jo\u00e3ozinho, Leozinho e Dieguinho<\/strong>, desafiando os atuais campe\u00f5es mundiais da Sele\u00e7\u00e3o Brasileira, que se preparam para a final da <strong data-start=\"1385\" data-end=\"1402\">Liga Evolu\u00e7\u00e3o<\/strong> contra a Argentina.<\/p>\n<figure style=\"width: 984px\" class=\"wp-caption aligncenter\"><img decoding=\"async\" src=\"https:\/\/s2-ge.glbimg.com\/bq-AFrD_38DPaOlq8YR4bo0O1JE=\/0x0:1280x654\/984x0\/smart\/filters:strip_icc()\/i.s3.glbimg.com\/v1\/AUTH_bc8228b6673f488aa253bbcb03c80ec5\/internal_photos\/bs\/2019\/M\/x\/TnJGHpST68puXYMhoyBA\/whatsapp-image-2019-10-15-at-21.18.32.jpeg\" alt=\"\" width=\"984\" height=\"503\" \/><figcaption class=\"wp-caption-text\">Arena Sorocaba \u2014 Foto: Marcio Luiz<\/figcaption><\/figure>\n<p class=\"\" data-start=\"1424\" data-end=\"1588\">O palco n\u00e3o poderia ser outro: a <strong data-start=\"1457\" data-end=\"1475\">Arena Sorocaba<\/strong>, casa do Magnus Futsal, clube que conquistou todos os t\u00edtulos poss\u00edveis e representa a for\u00e7a do futsal paulista.<\/p>\n<hr class=\"\" data-start=\"1590\" data-end=\"1593\" \/>\n<h3 class=\"\" data-start=\"1595\" data-end=\"1624\"><strong data-start=\"1599\" data-end=\"1624\">Ingressos dispon\u00edveis<\/strong><\/h3>\n<p data-start=\"1625\" data-end=\"1882\"><a href=\"https:\/\/admin.spoten.app\/pay\/products\/5579?uuid=67eff237807a8\" target=\"_blank\" rel=\"https:\/\/admin.spoten.app\/pay\/products\/5579?uuid=67eff237807a8 noopener\"><img decoding=\"async\" class=\"alignnone\" src=\"https:\/\/images.tcdn.com.br\/files\/767325\/themes\/53\/img\/settings\/1.png\" alt=\"\" width=\"1920\" height=\"450\" \/><\/a><\/p>\n<p class=\"\" data-start=\"1625\" data-end=\"1882\">O p\u00fablico tamb\u00e9m poder\u00e1 assistir in loco. Os ingressos custam <strong data-start=\"1687\" data-end=\"1724\">R$ 30 (antecipado e meia-entrada)<\/strong> e <strong data-start=\"1727\" data-end=\"1744\">R$ 60 na hora<\/strong>. Crian\u00e7as at\u00e9 6 anos entram gratuitamente. As entradas est\u00e3o \u00e0 venda no site oficial do <a class=\"\" href=\"https:\/\/www.magnusfutsal.com.br\" target=\"_new\" rel=\"noopener\" data-start=\"1833\" data-end=\"1881\">Magnus Futsal<\/a>.<\/p>\n<hr class=\"\" data-start=\"1884\" data-end=\"1887\" \/>\n<p class=\"\" data-start=\"1889\" data-end=\"2033\">\u26bd N\u00e3o perca esse duelo de gigantes!<br data-start=\"1924\" data-end=\"1927\" \/> \ud83d\udce1 Escolha seu canal favorito e acompanhe cada lance de um jogo que j\u00e1 \u00e9 hist\u00f3rico antes mesmo de come\u00e7ar.<\/p>\n","protected":false},"excerpt":{"rendered":"<p>BandSports, Canal Goat e TV Futsal FPFS exibem o amistoso in\u00e9dito entre a Sele\u00e7\u00e3o Brasileira e a Sele\u00e7\u00e3o Paulista, direto<\/p>\n","protected":false},"author":2,"featured_media":39612,"comment_status":"open","ping_status":"open","sticky":false,"template":"","format":"standard","meta":{"footnotes":""},"categories":[2660,25,2662,32,2651],"tags":[3328,3263,2700,42,1131,1571,3232,3327],"class_list":["post-39610","post","type-post","status-publish","format-standard","has-post-thumbnail","hentry","category-home-destaque","category-destaques","category-homeparte3","category-maiores","category-noticias","tag-amisto-oficial","tag-arena-sorocaba","tag-cbf","tag-fpfs","tag-futsal","tag-magnus-futsal","tag-selecao-brasileira-de-futsal","tag-selecao-paulista-de-futsal"],"_links":{"self":[{"href":"https:\/\/www.federacaopaulistadefutsal.com.br\/novo\/wp-json\/wp\/v2\/posts\/39610","targetHints":{"allow":["GET"]}}],"collection":[{"href":"https:\/\/www.federacaopaulistadefutsal.com.br\/novo\/wp-json\/wp\/v2\/posts"}],"about":[{"href":"https:\/\/www.federacaopaulistadefutsal.com.br\/novo\/wp-json\/wp\/v2\/types\/post"}],"author":[{"embeddable":true,"href":"https:\/\/www.federacaopaulistadefutsal.com.br\/novo\/wp-json\/wp\/v2\/users\/2"}],"replies":[{"embeddable":true,"href":"https:\/\/www.federacaopaulistadefutsal.com.br\/novo\/wp-json\/wp\/v2\/comments?post=39610"}],"version-history":[{"count":6,"href":"https:\/\/www.federacaopaulistadefutsal.com.br\/novo\/wp-json\/wp\/v2\/posts\/39610\/revisions"}],"predecessor-version":[{"id":39617,"href":"https:\/\/www.federacaopaulistadefutsal.com.br\/novo\/wp-json\/wp\/v2\/posts\/39610\/revisions\/39617"}],"wp:featuredmedia":[{"embeddable":true,"href":"https:\/\/www.federacaopaulistadefutsal.com.br\/novo\/wp-json\/wp\/v2\/media\/39612"}],"wp:attachment":[{"href":"https:\/\/www.federacaopaulistadefutsal.com.br\/novo\/wp-json\/wp\/v2\/media?parent=39610"}],"wp:term":[{"taxonomy":"category","embeddable":true,"href":"https:\/\/www.federacaopaulistadefutsal.com.br\/novo\/wp-json\/wp\/v2\/categories?post=39610"},{"taxonomy":"post_tag","embeddable":true,"href":"https:\/\/www.federacaopaulistadefutsal.com.br\/novo\/wp-json\/wp\/v2\/tags?post=39610"}],"curies":[{"name":"wp","href":"https:\/\/api.w.org\/{rel}","templated":true}]}}