{"id":39646,"date":"2025-04-12T15:30:11","date_gmt":"2025-04-12T15:30:11","guid":{"rendered":"https:\/\/www.federacaopaulistadefutsal.com.br\/novo\/?p=39646"},"modified":"2025-04-12T15:30:11","modified_gmt":"2025-04-12T15:30:11","slug":"palmeiras-conquista-a-taca-brasil-sub-09-com-show-da-garotada-em-maringa","status":"publish","type":"post","link":"https:\/\/www.federacaopaulistadefutsal.com.br\/novo\/palmeiras-conquista-a-taca-brasil-sub-09-com-show-da-garotada-em-maringa\/","title":{"rendered":"PALMEIRAS CONQUISTA A TA\u00c7A BRASIL SUB-09 COM SHOW DA GAROTADA EM MARING\u00c1"},"content":{"rendered":"<h5><strong>Equipe paulista vence o Eus\u00e9bio (CE) por 4 a 3 e levanta o trof\u00e9u da competi\u00e7\u00e3o mais tradicional do futsal nacional<\/strong><\/h5>\n<p>&nbsp;<\/p>\n<p>O futsal paulista tem mais um motivo para comemorar! O Palmeiras (SP) sagrou-se campe\u00e3o da Ta\u00e7a Brasil Sub-09, neste s\u00e1bado (12 de abril), em Maring\u00e1 (PR). Em uma final emocionante, a equipe alviverde venceu o Eus\u00e9bio (CE) por 4 a 3 e garantiu o t\u00edtulo da categoria mais jovem do futsal brasileiro.<\/p>\n<p>&nbsp;<\/p>\n<p>A decis\u00e3o come\u00e7ou com intensidade total. Logo aos 24 segundos, Nathan aproveitou o rebote do goleiro para abrir o placar. Dois minutos depois, o mesmo Nathan voltou a marcar, ampliando a vantagem para o Verd\u00e3o. O Eus\u00e9bio reagiu aos oito minutos, com Jaderson, que contou com um desvio na cobran\u00e7a de falta para diminuir. Mas, faltando apenas 15 segundos para o fim do primeiro tempo, Heduardo marcou o terceiro do Palmeiras e levou a vantagem de 3 a 1 para o intervalo.<\/p>\n<p>&nbsp;<\/p>\n<p>No segundo tempo, Heduardo voltou a brilhar e, com tr\u00eas minutos, fez o quarto gol paulista. O Eus\u00e9bio mostrou poder de rea\u00e7\u00e3o com gols de Dudu, aos cinco, e Davi, em cobran\u00e7a de p\u00eanalti, aos sete, colocando fogo no jogo. Apesar da press\u00e3o cearense, o Palmeiras segurou o placar e confirmou a conquista.<\/p>\n<p>&nbsp;<\/p>\n<p>Destaque para o Estado de S\u00e3o Paulo, que mais uma vez mostra sua for\u00e7a na forma\u00e7\u00e3o de jovens talentos do futsal nacional.<\/p>\n<p>&nbsp;<\/p>\n<p>A Federa\u00e7\u00e3o Paulista de Futsal (FPFS) parabeniza o Palmeiras, sua comiss\u00e3o t\u00e9cnica, atletas e torcedores, por representarem com excel\u00eancia o futsal paulista e conquistarem, com garra e talento, mais um t\u00edtulo nacional!<\/p>\n<p>&nbsp;<\/p>\n","protected":false},"excerpt":{"rendered":"<p>Equipe paulista vence o Eus\u00e9bio (CE) por 4 a 3 e levanta o trof\u00e9u da competi\u00e7\u00e3o mais tradicional do futsal<\/p>\n","protected":false},"author":2,"featured_media":39643,"comment_status":"open","ping_status":"open","sticky":false,"template":"","format":"standard","meta":{"footnotes":""},"categories":[2660,25,2662,2651,1],"tags":[],"class_list":["post-39646","post","type-post","status-publish","format-standard","has-post-thumbnail","hentry","category-home-destaque","category-destaques","category-homeparte3","category-noticias","category-novidades"],"_links":{"self":[{"href":"https:\/\/www.federacaopaulistadefutsal.com.br\/novo\/wp-json\/wp\/v2\/posts\/39646","targetHints":{"allow":["GET"]}}],"collection":[{"href":"https:\/\/www.federacaopaulistadefutsal.com.br\/novo\/wp-json\/wp\/v2\/posts"}],"about":[{"href":"https:\/\/www.federacaopaulistadefutsal.com.br\/novo\/wp-json\/wp\/v2\/types\/post"}],"author":[{"embeddable":true,"href":"https:\/\/www.federacaopaulistadefutsal.com.br\/novo\/wp-json\/wp\/v2\/users\/2"}],"replies":[{"embeddable":true,"href":"https:\/\/www.federacaopaulistadefutsal.com.br\/novo\/wp-json\/wp\/v2\/comments?post=39646"}],"version-history":[{"count":3,"href":"https:\/\/www.federacaopaulistadefutsal.com.br\/novo\/wp-json\/wp\/v2\/posts\/39646\/revisions"}],"predecessor-version":[{"id":39649,"href":"https:\/\/www.federacaopaulistadefutsal.com.br\/novo\/wp-json\/wp\/v2\/posts\/39646\/revisions\/39649"}],"wp:featuredmedia":[{"embeddable":true,"href":"https:\/\/www.federacaopaulistadefutsal.com.br\/novo\/wp-json\/wp\/v2\/media\/39643"}],"wp:attachment":[{"href":"https:\/\/www.federacaopaulistadefutsal.com.br\/novo\/wp-json\/wp\/v2\/media?parent=39646"}],"wp:term":[{"taxonomy":"category","embeddable":true,"href":"https:\/\/www.federacaopaulistadefutsal.com.br\/novo\/wp-json\/wp\/v2\/categories?post=39646"},{"taxonomy":"post_tag","embeddable":true,"href":"https:\/\/www.federacaopaulistadefutsal.com.br\/novo\/wp-json\/wp\/v2\/tags?post=39646"}],"curies":[{"name":"wp","href":"https:\/\/api.w.org\/{rel}","templated":true}]}}