{"id":3985,"date":"2015-03-18T15:38:50","date_gmt":"2015-03-18T15:38:50","guid":{"rendered":"http:\/\/www.federacaopaulistadefutsal.com.br\/?p=3985"},"modified":"2015-03-18T15:38:50","modified_gmt":"2015-03-18T15:38:50","slug":"sao-jose-recebe-intelli-pela-liga-paulista","status":"publish","type":"post","link":"https:\/\/www.federacaopaulistadefutsal.com.br\/novo\/sao-jose-recebe-intelli-pela-liga-paulista\/","title":{"rendered":"S\u00e3o Jos\u00e9 recebe Intelli pela Liga Paulista"},"content":{"rendered":"<p>V\u00e1lido pela terceira rodada da Liga Paulista, o S\u00e3o Jos\u00e9 Futsal \/ Vale Sul Shopping \/ Unimed recebe a equipe da Intelli \/ Orl\u00e2ndia no T\u00eanis Clube, em S\u00e3o Jos\u00e9 dos Campos. Vindo de um resultado negativo, os Joseenses precisam se recuperar em casa para subir na tabela de classifica\u00e7\u00e3o.<br \/>\nO\u00a0ala Victor Mello fala sobre a partida. &#8221;<strong>Depois dessas duas derrotas e com as conversas que tivemos desde ent\u00e3o, d\u00e1 pra sentir que o time est\u00e1 mais dedicado, que o time est\u00e1 querendo mais e nada melhor do que uma equipe como a Intelli para buscar nossa primeira vit\u00f3ria, com todo respeito ao advers\u00e1rio<\/strong>&#8221;, disse o autor do gol Joseense no \u00faltimo jogo.<br \/>\nAs baixas ficam por conta de Vin\u00edcius e Augusto, sendo que o primeiro sentiu o joelho e foi vetado pelo departamento m\u00e9dico e Augusto cumpre suspens\u00e3o por ter sido expulso no \u00faltimo jogo. Lucas, que ficou fora do \u00faltimo jogo por conta de dores na lombar, volta e refor\u00e7a a equipe.<br \/>\nA partida ser\u00e1 disputada no gin\u00e1sio do T\u00eanis Clube nesta quarta-feira(18), \u00e0s 20h.<br \/>\nPor Assessoria FPFS<br \/>\nFoto:\u00a0Quarttus Marketing<\/p>\n","protected":false},"excerpt":{"rendered":"<p>V\u00e1lido pela terceira rodada da Liga Paulista, o S\u00e3o Jos\u00e9 Futsal \/ Vale Sul Shopping \/ Unimed recebe a equipe<\/p>\n","protected":false},"author":1,"featured_media":3986,"comment_status":"closed","ping_status":"open","sticky":false,"template":"","format":"standard","meta":{"footnotes":""},"categories":[25,31],"tags":[1323,1525,2198],"class_list":["post-3985","post","type-post","status-publish","format-standard","has-post-thumbnail","hentry","category-destaques","category-liga-paulista-de-futsal","tag-intelli","tag-liga-paulista","tag-sao-jose"],"_links":{"self":[{"href":"https:\/\/www.federacaopaulistadefutsal.com.br\/novo\/wp-json\/wp\/v2\/posts\/3985","targetHints":{"allow":["GET"]}}],"collection":[{"href":"https:\/\/www.federacaopaulistadefutsal.com.br\/novo\/wp-json\/wp\/v2\/posts"}],"about":[{"href":"https:\/\/www.federacaopaulistadefutsal.com.br\/novo\/wp-json\/wp\/v2\/types\/post"}],"author":[{"embeddable":true,"href":"https:\/\/www.federacaopaulistadefutsal.com.br\/novo\/wp-json\/wp\/v2\/users\/1"}],"replies":[{"embeddable":true,"href":"https:\/\/www.federacaopaulistadefutsal.com.br\/novo\/wp-json\/wp\/v2\/comments?post=3985"}],"version-history":[{"count":0,"href":"https:\/\/www.federacaopaulistadefutsal.com.br\/novo\/wp-json\/wp\/v2\/posts\/3985\/revisions"}],"wp:featuredmedia":[{"embeddable":true,"href":"https:\/\/www.federacaopaulistadefutsal.com.br\/novo\/wp-json\/"}],"wp:attachment":[{"href":"https:\/\/www.federacaopaulistadefutsal.com.br\/novo\/wp-json\/wp\/v2\/media?parent=3985"}],"wp:term":[{"taxonomy":"category","embeddable":true,"href":"https:\/\/www.federacaopaulistadefutsal.com.br\/novo\/wp-json\/wp\/v2\/categories?post=3985"},{"taxonomy":"post_tag","embeddable":true,"href":"https:\/\/www.federacaopaulistadefutsal.com.br\/novo\/wp-json\/wp\/v2\/tags?post=3985"}],"curies":[{"name":"wp","href":"https:\/\/api.w.org\/{rel}","templated":true}]}}