{"id":39991,"date":"2025-06-13T17:17:09","date_gmt":"2025-06-13T17:17:09","guid":{"rendered":"https:\/\/www.federacaopaulistadefutsal.com.br\/novo\/?p=39991"},"modified":"2025-06-13T17:17:24","modified_gmt":"2025-06-13T17:17:24","slug":"federacao-paulista-de-futsal-recebe-representantes-de-taubate-para-fortalecer-lacos-com-o-futsal-da-regiao","status":"publish","type":"post","link":"https:\/\/www.federacaopaulistadefutsal.com.br\/novo\/federacao-paulista-de-futsal-recebe-representantes-de-taubate-para-fortalecer-lacos-com-o-futsal-da-regiao\/","title":{"rendered":"Federa\u00e7\u00e3o Paulista de Futsal recebe representantes de Taubat\u00e9 para fortalecer la\u00e7os com o futsal da regi\u00e3o"},"content":{"rendered":"\n<p><mark style=\"background-color:rgba(0, 0, 0, 0)\" class=\"has-inline-color has-vivid-red-color\"><strong>Presidente Nilton Rom\u00e3o e o Coordenador T\u00e9cnico da Federa\u00e7\u00e3o receberam, em visita de cortesia, o Secret\u00e1rio de Esportes de Taubat\u00e9, Fernando Vale, e o Coordenador Geral do A.D. Taubat\u00e9 Futsal, Felipe Santos <\/strong><\/mark><\/p>\n\n\n\n<p><\/p>\n\n\n\n<p><\/p>\n\n\n\n<p>Na sede da Federa\u00e7\u00e3o Paulista de Futsal, o Presidente Nilton Rom\u00e3o (Ramon), acompanhado do Coordenador T\u00e9cnico da entidade, recebeu a visita institucional de representantes da cidade de Taubat\u00e9: o Secret\u00e1rio de Esportes, Fernando Vale, e o Coordenador Geral do A.D. Taubat\u00e9 Futsal, Felipe Santos.Durante o encontro, foram discutidos diversos temas relacionados ao desenvolvimento do futsal no munic\u00edpio, incluindo projetos de base, competi\u00e7\u00f5es oficiais e o fortalecimento da modalidade na regi\u00e3o do Vale do Para\u00edba.A visita refor\u00e7a a import\u00e2ncia do di\u00e1logo entre as institui\u00e7\u00f5es p\u00fablicas e os clubes, promovendo a\u00e7\u00f5es conjuntas em prol do crescimento do futsal paulista e ampliando as oportunidades para atletas, comiss\u00f5es t\u00e9cnicas e comunidades envolvidas no esporte.<\/p>\n\n\n\n<p><\/p>\n\n\n\n<figure class=\"wp-block-gallery has-nested-images columns-default is-cropped wp-block-gallery-1 is-layout-flex wp-block-gallery-is-layout-flex\"><\/figure>\n","protected":false},"excerpt":{"rendered":"<p>Presidente Nilton Rom\u00e3o e o Coordenador T\u00e9cnico da Federa\u00e7\u00e3o receberam, em visita de cortesia, o Secret\u00e1rio de Esportes de Taubat\u00e9,<\/p>\n","protected":false},"author":2,"featured_media":39999,"comment_status":"open","ping_status":"open","sticky":false,"template":"","format":"standard","meta":{"footnotes":""},"categories":[2660,25,2662,2651,1],"tags":[42,1131,1141,1151,2415],"class_list":["post-39991","post","type-post","status-publish","format-standard","has-post-thumbnail","hentry","category-home-destaque","category-destaques","category-homeparte3","category-noticias","category-novidades","tag-fpfs","tag-futsal","tag-futsal-interior","tag-futsal-paulista","tag-taubate-futsal"],"_links":{"self":[{"href":"https:\/\/www.federacaopaulistadefutsal.com.br\/novo\/wp-json\/wp\/v2\/posts\/39991","targetHints":{"allow":["GET"]}}],"collection":[{"href":"https:\/\/www.federacaopaulistadefutsal.com.br\/novo\/wp-json\/wp\/v2\/posts"}],"about":[{"href":"https:\/\/www.federacaopaulistadefutsal.com.br\/novo\/wp-json\/wp\/v2\/types\/post"}],"author":[{"embeddable":true,"href":"https:\/\/www.federacaopaulistadefutsal.com.br\/novo\/wp-json\/wp\/v2\/users\/2"}],"replies":[{"embeddable":true,"href":"https:\/\/www.federacaopaulistadefutsal.com.br\/novo\/wp-json\/wp\/v2\/comments?post=39991"}],"version-history":[{"count":3,"href":"https:\/\/www.federacaopaulistadefutsal.com.br\/novo\/wp-json\/wp\/v2\/posts\/39991\/revisions"}],"predecessor-version":[{"id":40006,"href":"https:\/\/www.federacaopaulistadefutsal.com.br\/novo\/wp-json\/wp\/v2\/posts\/39991\/revisions\/40006"}],"wp:featuredmedia":[{"embeddable":true,"href":"https:\/\/www.federacaopaulistadefutsal.com.br\/novo\/wp-json\/wp\/v2\/media\/39999"}],"wp:attachment":[{"href":"https:\/\/www.federacaopaulistadefutsal.com.br\/novo\/wp-json\/wp\/v2\/media?parent=39991"}],"wp:term":[{"taxonomy":"category","embeddable":true,"href":"https:\/\/www.federacaopaulistadefutsal.com.br\/novo\/wp-json\/wp\/v2\/categories?post=39991"},{"taxonomy":"post_tag","embeddable":true,"href":"https:\/\/www.federacaopaulistadefutsal.com.br\/novo\/wp-json\/wp\/v2\/tags?post=39991"}],"curies":[{"name":"wp","href":"https:\/\/api.w.org\/{rel}","templated":true}]}}