{"id":4027,"date":"2015-03-24T15:21:38","date_gmt":"2015-03-24T15:21:38","guid":{"rendered":"http:\/\/www.federacaopaulistadefutsal.com.br\/?p=4027"},"modified":"2015-03-24T15:21:38","modified_gmt":"2015-03-24T15:21:38","slug":"oportunity-perde-para-valinhos-na-estreia-da-copa-metropolitana-feminina","status":"publish","type":"post","link":"https:\/\/www.federacaopaulistadefutsal.com.br\/novo\/oportunity-perde-para-valinhos-na-estreia-da-copa-metropolitana-feminina\/","title":{"rendered":"Oportunity perde para Valinhos na estreia da Copa Metropolitana Feminina"},"content":{"rendered":"<p>O Oportunity\/Semjel estreou no \u00faltimo domingo (21) na Copa Metropolitana, promovida pela Liga Campineira de Futsal, em Valinhos, contra a equipe local, e perdeu por 5 a 0. O resultado, no entanto, n\u00e3o refletiu o que foi a partida, j\u00e1 que o time de Bragan\u00e7a fez uma partida de igual para igual na maior parte do tempo. A equipe contou com Larissa e Julia (goleiras), Cac\u00e1, Isabela, Paulinha, Milena, Jack, Mariana e Cauane.<br \/>\nNa pr\u00f3xima rodada, o time de Bragan\u00e7a joga contra Hortol\u00e2ndia, domingo (29), \u00e0s 10h, no gin\u00e1sio Rubens Battazza.<br \/>\nPor Assessoria FPFS<br \/>\nCom informa\u00e7\u00f5es Oportunity Futsal<\/p>\n","protected":false},"excerpt":{"rendered":"<p>O Oportunity\/Semjel estreou no \u00faltimo domingo (21) na Copa Metropolitana, promovida pela Liga Campineira de Futsal, em Valinhos, contra a<\/p>\n","protected":false},"author":1,"featured_media":0,"comment_status":"closed","ping_status":"open","sticky":false,"template":"","format":"standard","meta":{"footnotes":""},"categories":[25,26],"tags":[717,807,1516,1783,2550],"class_list":["post-4027","post","type-post","status-publish","format-standard","hentry","category-destaques","category-feminino","tag-copa-metropolitana","tag-derrota","tag-liga-campineira-de-futsal","tag-oportunitysemjel","tag-valinhos"],"_links":{"self":[{"href":"https:\/\/www.federacaopaulistadefutsal.com.br\/novo\/wp-json\/wp\/v2\/posts\/4027","targetHints":{"allow":["GET"]}}],"collection":[{"href":"https:\/\/www.federacaopaulistadefutsal.com.br\/novo\/wp-json\/wp\/v2\/posts"}],"about":[{"href":"https:\/\/www.federacaopaulistadefutsal.com.br\/novo\/wp-json\/wp\/v2\/types\/post"}],"author":[{"embeddable":true,"href":"https:\/\/www.federacaopaulistadefutsal.com.br\/novo\/wp-json\/wp\/v2\/users\/1"}],"replies":[{"embeddable":true,"href":"https:\/\/www.federacaopaulistadefutsal.com.br\/novo\/wp-json\/wp\/v2\/comments?post=4027"}],"version-history":[{"count":0,"href":"https:\/\/www.federacaopaulistadefutsal.com.br\/novo\/wp-json\/wp\/v2\/posts\/4027\/revisions"}],"wp:attachment":[{"href":"https:\/\/www.federacaopaulistadefutsal.com.br\/novo\/wp-json\/wp\/v2\/media?parent=4027"}],"wp:term":[{"taxonomy":"category","embeddable":true,"href":"https:\/\/www.federacaopaulistadefutsal.com.br\/novo\/wp-json\/wp\/v2\/categories?post=4027"},{"taxonomy":"post_tag","embeddable":true,"href":"https:\/\/www.federacaopaulistadefutsal.com.br\/novo\/wp-json\/wp\/v2\/tags?post=4027"}],"curies":[{"name":"wp","href":"https:\/\/api.w.org\/{rel}","templated":true}]}}