{"id":4044,"date":"2015-03-25T12:06:09","date_gmt":"2015-03-25T12:06:09","guid":{"rendered":"http:\/\/www.federacaopaulistadefutsal.com.br\/?p=4044"},"modified":"2015-03-25T12:06:09","modified_gmt":"2015-03-25T12:06:09","slug":"tecnico-fernando-ferretti-acerta-com-o-corinthiansunip","status":"publish","type":"post","link":"https:\/\/www.federacaopaulistadefutsal.com.br\/novo\/tecnico-fernando-ferretti-acerta-com-o-corinthiansunip\/","title":{"rendered":"T\u00e9cnico Fernando Ferretti acerta com o Corinthians\/UNIP"},"content":{"rendered":"<p>O t\u00e9cnico Fernando Ferretti acertou com o Corinthians\/UNIP para a temporada 2015.\u00a0Ap\u00f3s comandar a Krona\/Joinville-SC pelas temporadas de 2012, 2013 e 2014, o treinador\u00a0chega ao Parque S\u00e3o Jorge com a miss\u00e3o de buscar os t\u00edtulos da Liga Paulista e Liga Nacional.<br \/>\n&#8220;<strong>Estou muito feliz de trabalhar em um clube gigante como o Corinthians. Vamos lutar para alcan\u00e7ar o sonho que \u00e9 conquistar a Liga Futsal. Contamos com a Fiel ao nosso lado e assim desequilibrar as partidas em nosso favor<\/strong>&#8220;, declarou Fernando Ferretti.<br \/>\nNatural do Rio de Janeiro, Ferretti nasceu em 26 de junho de 1954. Ele formou-se em Educa\u00e7\u00e3o F\u00edsica pela Universidade Castello Branco e em Fisioterapia na Faculdade de Reabilita\u00e7\u00e3o da ASCE\/RJ, em 1979 e em 1981, respectivamente. Trabalhou no Montanha Clube (RJ), Flamengo, Fluminense, Graja\u00fa T\u00eanis Clube-RJ, Unibox, S.E.R Tigre (SC), Perdig\u00e3o (SC), Votorantim (PE), Banfort (CE), Inpacel (PR), Mitsubishi Ceuta (Espanha), Academia Postal de Ourense (Espanha), Malwee\/Jaragu\u00e1 do Sul (SC), Santos, Krona\/Joinville e assumiu o comando da sele\u00e7\u00e3o brasileira, paraguaia e guatemalteca.<br \/>\nVitorioso, Ferretti \u00e9 o t\u00e9cnico 11 vezes campe\u00e3o da Ta\u00e7a Brasil de Clubes, Tetra Campe\u00e3o da Super Liga de Futsal, Penta Campe\u00e3o da Liga Futsal, Penta Campe\u00e3o da Ta\u00e7a Libertadores da Am\u00e9rica, Octa Campe\u00e3o Catarinense, Campe\u00e3o Paulista, Pernambucano, Paranaense e da Copa Gramado.<br \/>\nPor Assessoria FPPS<br \/>\nCom informa\u00e7\u00f5es Futsal Alvinegro<\/p>\n","protected":false},"excerpt":{"rendered":"<p>O t\u00e9cnico Fernando Ferretti acertou com o Corinthians\/UNIP para a temporada 2015.\u00a0Ap\u00f3s comandar a Krona\/Joinville-SC pelas temporadas de 2012, 2013<\/p>\n","protected":false},"author":1,"featured_media":4045,"comment_status":"closed","ping_status":"open","sticky":false,"template":"","format":"standard","meta":{"footnotes":""},"categories":[25],"tags":[153,734,1051,1753],"class_list":["post-4044","post","type-post","status-publish","format-standard","has-post-thumbnail","hentry","category-destaques","tag-acerto","tag-corinthians","tag-fernando-ferretti","tag-novo-tecnico"],"_links":{"self":[{"href":"https:\/\/www.federacaopaulistadefutsal.com.br\/novo\/wp-json\/wp\/v2\/posts\/4044","targetHints":{"allow":["GET"]}}],"collection":[{"href":"https:\/\/www.federacaopaulistadefutsal.com.br\/novo\/wp-json\/wp\/v2\/posts"}],"about":[{"href":"https:\/\/www.federacaopaulistadefutsal.com.br\/novo\/wp-json\/wp\/v2\/types\/post"}],"author":[{"embeddable":true,"href":"https:\/\/www.federacaopaulistadefutsal.com.br\/novo\/wp-json\/wp\/v2\/users\/1"}],"replies":[{"embeddable":true,"href":"https:\/\/www.federacaopaulistadefutsal.com.br\/novo\/wp-json\/wp\/v2\/comments?post=4044"}],"version-history":[{"count":0,"href":"https:\/\/www.federacaopaulistadefutsal.com.br\/novo\/wp-json\/wp\/v2\/posts\/4044\/revisions"}],"wp:featuredmedia":[{"embeddable":true,"href":"https:\/\/www.federacaopaulistadefutsal.com.br\/novo\/wp-json\/"}],"wp:attachment":[{"href":"https:\/\/www.federacaopaulistadefutsal.com.br\/novo\/wp-json\/wp\/v2\/media?parent=4044"}],"wp:term":[{"taxonomy":"category","embeddable":true,"href":"https:\/\/www.federacaopaulistadefutsal.com.br\/novo\/wp-json\/wp\/v2\/categories?post=4044"},{"taxonomy":"post_tag","embeddable":true,"href":"https:\/\/www.federacaopaulistadefutsal.com.br\/novo\/wp-json\/wp\/v2\/tags?post=4044"}],"curies":[{"name":"wp","href":"https:\/\/api.w.org\/{rel}","templated":true}]}}