{"id":40771,"date":"2025-11-08T13:15:28","date_gmt":"2025-11-08T13:15:28","guid":{"rendered":"https:\/\/www.federacaopaulistadefutsal.com.br\/novo\/?p=40771"},"modified":"2025-11-08T19:53:43","modified_gmt":"2025-11-08T19:53:43","slug":"taca-brasil-sub-17-de-futsal-movimenta-sao-paulo-com-grandes-jogos-e-estrutura-de-alto-nivel","status":"publish","type":"post","link":"https:\/\/www.federacaopaulistadefutsal.com.br\/novo\/taca-brasil-sub-17-de-futsal-movimenta-sao-paulo-com-grandes-jogos-e-estrutura-de-alto-nivel\/","title":{"rendered":"Ta\u00e7a Brasil Sub-17 de Futsal movimenta Futsal Paulista com grandes jogos e estrutura de alto n\u00edvel"},"content":{"rendered":"\n<h2 class=\"wp-block-heading\"><br><strong>Palmeiras sediou a competi\u00e7\u00e3o nacional na capital paulista; Vasco da Gama (RJ) conquista o t\u00edtulo em decis\u00e3o contra o Jaragu\u00e1 (SC)<\/strong><\/h2>\n\n\n\n<p>A cidade de S\u00e3o Paulo recebeu, entre os dias 3 e 7 de novembro, a <strong>CBI Ta\u00e7a Brasil de Futsal Sub-17 Masculina \u2013 Divis\u00e3o Especial<\/strong>, uma das principais competi\u00e7\u00f5es de base do pa\u00eds. O torneio foi <strong>sediado pela Sociedade Esportiva Palmeiras<\/strong> e contou com a presen\u00e7a de <strong>duas equipes paulistas representando o futsal do Estado: o pr\u00f3prio Palmeiras e o S\u00e3o Paulo FC<\/strong>, que mostraram a for\u00e7a da forma\u00e7\u00e3o paulista em meio a grandes clubes do cen\u00e1rio nacional.<\/p>\n\n\n<div class=\"wp-block-image\">\n<figure class=\"aligncenter size-full\"><img fetchpriority=\"high\" decoding=\"async\" width=\"650\" height=\"299\" src=\"https:\/\/www.federacaopaulistadefutsal.com.br\/novo\/wp-content\/uploads\/2025\/11\/17626060029658367499058844222490.png\" alt=\"\" class=\"wp-image-40772\" srcset=\"https:\/\/www.federacaopaulistadefutsal.com.br\/novo\/wp-content\/uploads\/2025\/11\/17626060029658367499058844222490.png 650w, https:\/\/www.federacaopaulistadefutsal.com.br\/novo\/wp-content\/uploads\/2025\/11\/17626060029658367499058844222490-300x138.png 300w\" sizes=\"(max-width: 650px) 100vw, 650px\" \/><figcaption class=\"wp-element-caption\">Foto: Divulga\u00e7\u00e3o CBFS<\/figcaption><\/figure>\n<\/div>\n\n\n<p>Antes da bola rolar, a <strong>Confedera\u00e7\u00e3o Brasileira de Futsal (CBFS)<\/strong> realizou o <strong>Congresso T\u00e9cnico<\/strong> com representantes das equipes participantes, autoridades e dirigentes. O encontro definiu os \u00faltimos detalhes da competi\u00e7\u00e3o.<br>O presidente da CBFS, <strong>Marcos Madeira<\/strong>, destacou o crescimento da modalidade:<\/p>\n\n\n\n<blockquote class=\"wp-block-quote is-layout-flow wp-block-quote-is-layout-flow\">\n<p>\u201cEsse ano ultrapassamos todos os n\u00fameros de competi\u00e7\u00f5es, foi um ano muito bom para o futsal em todos os sentidos. O n\u00edvel de todas as competi\u00e7\u00f5es est\u00e1 muito alto. Desejo que tenhamos mais uma Ta\u00e7a Brasil do n\u00edvel que o futsal merece.\u201d<\/p>\n<\/blockquote>\n\n\n\n<p>O <strong>supervisor do Palmeiras, Ac\u00e1cio Torresani<\/strong>, celebrou a oportunidade de sediar o evento:<\/p>\n\n\n\n<blockquote class=\"wp-block-quote is-layout-flow wp-block-quote-is-layout-flow\">\n<p>\u201cQuero agradecer a cidade de Bel\u00e9m (PA) pela fase classificat\u00f3ria, agrade\u00e7o a CBFS, a Federa\u00e7\u00e3o Paulista e o CBC por a gente ter conseguido sediar essa competi\u00e7\u00e3o e a todos os diretores, nessa competi\u00e7\u00e3o hist\u00f3rica para o Palmeiras e para o futsal.\u201d<\/p>\n<\/blockquote>\n\n\n<div class=\"wp-block-image\">\n<figure class=\"alignright size-large\"><img decoding=\"async\" width=\"1024\" height=\"554\" src=\"https:\/\/www.federacaopaulistadefutsal.com.br\/novo\/wp-content\/uploads\/2025\/11\/1000249390-1024x554.jpg\" alt=\"\" class=\"wp-image-40773\" srcset=\"https:\/\/www.federacaopaulistadefutsal.com.br\/novo\/wp-content\/uploads\/2025\/11\/1000249390-1024x554.jpg 1024w, https:\/\/www.federacaopaulistadefutsal.com.br\/novo\/wp-content\/uploads\/2025\/11\/1000249390-300x162.jpg 300w, https:\/\/www.federacaopaulistadefutsal.com.br\/novo\/wp-content\/uploads\/2025\/11\/1000249390-768x416.jpg 768w, https:\/\/www.federacaopaulistadefutsal.com.br\/novo\/wp-content\/uploads\/2025\/11\/1000249390.jpg 1179w\" sizes=\"(max-width: 1024px) 100vw, 1024px\" \/><figcaption class=\"wp-element-caption\">Foto: Divulga\u00e7\u00e3o CBFS<\/figcaption><\/figure>\n<\/div>\n\n\n<p>Durante o congresso, <strong>M\u00e1rcia Mariko e S\u00faria Borba<\/strong>, representantes da CBFS, conduziram a parte operacional, abordando regulamento, protocolos, uniformiza\u00e7\u00e3o e procedimentos t\u00e9cnicos e administrativos.<\/p>\n\n\n\n<h3 class=\"wp-block-heading\">O in\u00edcio da disputa<\/h3>\n\n\n<div class=\"wp-block-image\">\n<figure class=\"aligncenter size-full\"><img decoding=\"async\" width=\"650\" height=\"975\" src=\"https:\/\/www.federacaopaulistadefutsal.com.br\/novo\/wp-content\/uploads\/2025\/11\/17626069575673157136970497417290.png\" alt=\"\" class=\"wp-image-40777\" srcset=\"https:\/\/www.federacaopaulistadefutsal.com.br\/novo\/wp-content\/uploads\/2025\/11\/17626069575673157136970497417290.png 650w, https:\/\/www.federacaopaulistadefutsal.com.br\/novo\/wp-content\/uploads\/2025\/11\/17626069575673157136970497417290-200x300.png 200w\" sizes=\"(max-width: 650px) 100vw, 650px\" \/><figcaption class=\"wp-element-caption\">Foto: Divulga\u00e7\u00e3o CBFS<\/figcaption><\/figure>\n<\/div>\n\n\n<p>Os jogos tiveram in\u00edcio no dia 4 de novembro, com transmiss\u00e3o ao vivo pela <strong>CBFS TV no YouTube<\/strong>, reunindo 16 equipes classificadas da fase anterior, disputada em Bel\u00e9m (PA). O torneio mostrou alto n\u00edvel t\u00e9cnico desde o in\u00edcio, com destaque para os representantes paulistas.<br>O <strong>S\u00e3o Paulo FC<\/strong> estreou vencendo o <strong>Futsal Sem Drogas (MT)<\/strong> por 4 a 3, enquanto o <strong>Palmeiras<\/strong>, anfitri\u00e3o da competi\u00e7\u00e3o, goleou a <strong>Assembleia Paraense (PA)<\/strong> por 8 a 0.<\/p>\n\n\n\n<h3 class=\"wp-block-heading\">Fase eliminat\u00f3ria e desempenho paulista<\/h3>\n\n\n<div class=\"wp-block-image\">\n<figure class=\"aligncenter size-large\"><img loading=\"lazy\" decoding=\"async\" width=\"768\" height=\"1024\" src=\"https:\/\/www.federacaopaulistadefutsal.com.br\/novo\/wp-content\/uploads\/2025\/11\/1000249430-768x1024.jpg\" alt=\"\" class=\"wp-image-40778\" srcset=\"https:\/\/www.federacaopaulistadefutsal.com.br\/novo\/wp-content\/uploads\/2025\/11\/1000249430-768x1023.jpg 768w, https:\/\/www.federacaopaulistadefutsal.com.br\/novo\/wp-content\/uploads\/2025\/11\/1000249430-225x300.jpg 225w, https:\/\/www.federacaopaulistadefutsal.com.br\/novo\/wp-content\/uploads\/2025\/11\/1000249430.jpg 854w\" sizes=\"(max-width: 768px) 100vw, 768px\" \/><figcaption class=\"wp-element-caption\">Foto: Divulga\u00e7\u00e3o\/Instagram SPFC<\/figcaption><\/figure>\n<\/div>\n\n\n<p>As duas equipes paulistas avan\u00e7aram para as quartas de final, confirmando o bom desempenho. O <strong>S\u00e3o Paulo<\/strong> enfrentou o <strong>Minas T\u00eanis Clube (MG)<\/strong> em um duelo equilibrado, mas acabou sendo superado por 2 a 0, encerrando sua participa\u00e7\u00e3o nas quartas.<br>J\u00e1 o <strong>Palmeiras<\/strong>, dono da casa, fez um jogo emocionante contra o <strong>Vasco da Gama (RJ)<\/strong>. Ap\u00f3s reagir e empatar a partida por 2 a 2, o time paulista sofreu o gol da elimina\u00e7\u00e3o nos segundos finais, perdendo por 3 a 2 e deixando o torneio de cabe\u00e7a erguida ap\u00f3s uma campanha s\u00f3lida e elogiada pela organiza\u00e7\u00e3o e torcida.<\/p>\n\n\n\n<h3 class=\"wp-block-heading\">O t\u00edtulo do Vasco da Gama<\/h3>\n\n\n<div class=\"wp-block-image\">\n<figure class=\"aligncenter size-full\"><img loading=\"lazy\" decoding=\"async\" width=\"650\" height=\"433\" src=\"https:\/\/www.federacaopaulistadefutsal.com.br\/novo\/wp-content\/uploads\/2025\/11\/17626065730657779229901383707356.png\" alt=\"\" class=\"wp-image-40774\" srcset=\"https:\/\/www.federacaopaulistadefutsal.com.br\/novo\/wp-content\/uploads\/2025\/11\/17626065730657779229901383707356.png 650w, https:\/\/www.federacaopaulistadefutsal.com.br\/novo\/wp-content\/uploads\/2025\/11\/17626065730657779229901383707356-300x200.png 300w\" sizes=\"(max-width: 650px) 100vw, 650px\" \/><figcaption class=\"wp-element-caption\">Foto: Divulga\u00e7\u00e3o CBFS <\/figcaption><\/figure>\n<\/div>\n\n\n<p>A decis\u00e3o reuniu <strong>Vasco da Gama (RJ)<\/strong> e <strong>Jaragu\u00e1 Futsal (SC)<\/strong> em um confronto digno de final nacional. O Vasco confirmou a excelente fase e venceu por <strong>6 a 2<\/strong>, conquistando o t\u00edtulo da <strong>Ta\u00e7a Brasil Sub-17 de Futsal 2025<\/strong>.<br>Cadu, Igor (2x), Ariel, Paulinho e GM marcaram os gols do t\u00edtulo carioca. O duelo foi marcado por intensidade, viradas emocionantes e destaque para o alto n\u00edvel t\u00e9cnico das equipes.<\/p>\n\n\n\n<h3 class=\"wp-block-heading\">Reconhecimento e agradecimento da Federa\u00e7\u00e3o Paulista de Futsal<\/h3>\n\n\n\n<figure class=\"wp-block-image size-full\"><img loading=\"lazy\" decoding=\"async\" width=\"1936\" height=\"1141\" src=\"https:\/\/www.federacaopaulistadefutsal.com.br\/novo\/wp-content\/uploads\/2023\/12\/logo_fpfs.jpg\" alt=\"\" class=\"wp-image-37507\" srcset=\"https:\/\/www.federacaopaulistadefutsal.com.br\/novo\/wp-content\/uploads\/2023\/12\/logo_fpfs.jpg 1936w, https:\/\/www.federacaopaulistadefutsal.com.br\/novo\/wp-content\/uploads\/2023\/12\/logo_fpfs-300x177.jpg 300w, https:\/\/www.federacaopaulistadefutsal.com.br\/novo\/wp-content\/uploads\/2023\/12\/logo_fpfs-768x453.jpg 768w, https:\/\/www.federacaopaulistadefutsal.com.br\/novo\/wp-content\/uploads\/2023\/12\/logo_fpfs-1024x604.jpg 1024w\" sizes=\"(max-width: 1936px) 100vw, 1936px\" \/><\/figure>\n\n\n\n<p>O presidente da <strong>Federa\u00e7\u00e3o Paulista de Futsal (FPFS)<\/strong>, <strong>Nilton Cientes Rom\u00e3o (Ramon)<\/strong>, enalteceu a realiza\u00e7\u00e3o do evento e o papel das equipes paulistas na competi\u00e7\u00e3o:<\/p>\n\n\n\n<blockquote class=\"wp-block-quote is-layout-flow wp-block-quote-is-layout-flow\">\n<p>&#8220;Parabenizamos a Confedera\u00e7\u00e3o Brasileira de Futsal (CBFS) pela excelente organiza\u00e7\u00e3o da Ta\u00e7a Brasil Sub-17. Parabenizo tamb\u00e9m a Sociedade Esportiva Palmeiras por trazer para o Estado de S\u00e3o Paulo t\u00e3o importante competi\u00e7\u00e3o, com uma estrutura excelente e a dedica\u00e7\u00e3o de todos para que tiv\u00e9ssemos uma grande competi\u00e7\u00e3o. A Federa\u00e7ao Paulista de Futsal se orgulha muito tamb\u00e9m por ter contribu\u00eddo para que tudo ocorresse da melhor maneira poss\u00edvel.<br>O evento foi marcado por estrutura impec\u00e1vel, compromisso com o desenvolvimento da modalidade e valoriza\u00e7\u00e3o dos jovens talentos do nosso futsal.<br>Foi inspirador acompanhar a dedica\u00e7\u00e3o de todos os envolvidos \u2014 dirigentes, equipes, comiss\u00e3o t\u00e9cnica, arbitragem e colaboradores \u2014 na constru\u00e7\u00e3o de uma competi\u00e7\u00e3o de alto n\u00edvel, que certamente fortalece ainda mais o esporte e contribui para o futuro brilhante do futsal brasileiro.<br>Parab\u00e9ns a todos!&#8221;<\/p>\n<\/blockquote>\n\n\n\n<p>Com grande estrutura, transmiss\u00f5es ao vivo e partidas de alto n\u00edvel, a <strong>Ta\u00e7a Brasil Sub-17 em S\u00e3o Paulo<\/strong> consolidou-se como um marco importante na temporada, reafirmando o protagonismo do futsal paulista na forma\u00e7\u00e3o de atletas e na promo\u00e7\u00e3o de eventos de excel\u00eancia no cen\u00e1rio nacional.<\/p>\n\n\n\n<p><\/p>\n","protected":false},"excerpt":{"rendered":"<p>Palmeiras sediou a competi\u00e7\u00e3o nacional na capital paulista; Vasco da Gama (RJ) conquista o t\u00edtulo em decis\u00e3o contra o Jaragu\u00e1<\/p>\n","protected":false},"author":2,"featured_media":40779,"comment_status":"open","ping_status":"open","sticky":false,"template":"","format":"standard","meta":{"footnotes":""},"categories":[2660,25,2662,2651,1,3067],"tags":[],"class_list":["post-40771","post","type-post","status-publish","format-standard","has-post-thumbnail","hentry","category-home-destaque","category-destaques","category-homeparte3","category-noticias","category-novidades","category-taca-brasil-de-futsal"],"_links":{"self":[{"href":"https:\/\/www.federacaopaulistadefutsal.com.br\/novo\/wp-json\/wp\/v2\/posts\/40771","targetHints":{"allow":["GET"]}}],"collection":[{"href":"https:\/\/www.federacaopaulistadefutsal.com.br\/novo\/wp-json\/wp\/v2\/posts"}],"about":[{"href":"https:\/\/www.federacaopaulistadefutsal.com.br\/novo\/wp-json\/wp\/v2\/types\/post"}],"author":[{"embeddable":true,"href":"https:\/\/www.federacaopaulistadefutsal.com.br\/novo\/wp-json\/wp\/v2\/users\/2"}],"replies":[{"embeddable":true,"href":"https:\/\/www.federacaopaulistadefutsal.com.br\/novo\/wp-json\/wp\/v2\/comments?post=40771"}],"version-history":[{"count":5,"href":"https:\/\/www.federacaopaulistadefutsal.com.br\/novo\/wp-json\/wp\/v2\/posts\/40771\/revisions"}],"predecessor-version":[{"id":40784,"href":"https:\/\/www.federacaopaulistadefutsal.com.br\/novo\/wp-json\/wp\/v2\/posts\/40771\/revisions\/40784"}],"wp:featuredmedia":[{"embeddable":true,"href":"https:\/\/www.federacaopaulistadefutsal.com.br\/novo\/wp-json\/wp\/v2\/media\/40779"}],"wp:attachment":[{"href":"https:\/\/www.federacaopaulistadefutsal.com.br\/novo\/wp-json\/wp\/v2\/media?parent=40771"}],"wp:term":[{"taxonomy":"category","embeddable":true,"href":"https:\/\/www.federacaopaulistadefutsal.com.br\/novo\/wp-json\/wp\/v2\/categories?post=40771"},{"taxonomy":"post_tag","embeddable":true,"href":"https:\/\/www.federacaopaulistadefutsal.com.br\/novo\/wp-json\/wp\/v2\/tags?post=40771"}],"curies":[{"name":"wp","href":"https:\/\/api.w.org\/{rel}","templated":true}]}}