{"id":4122,"date":"2015-03-30T13:55:35","date_gmt":"2015-03-30T13:55:35","guid":{"rendered":"http:\/\/www.federacaopaulistadefutsal.com.br\/?p=4122"},"modified":"2015-03-30T13:55:35","modified_gmt":"2015-03-30T13:55:35","slug":"intelli-goleia-ford-taubate-pela-liga-paulista","status":"publish","type":"post","link":"https:\/\/www.federacaopaulistadefutsal.com.br\/novo\/intelli-goleia-ford-taubate-pela-liga-paulista\/","title":{"rendered":"Intelli goleia Ford Taubat\u00e9 pela Liga Paulista"},"content":{"rendered":"<p>A Intelli\/Orl\u00e2ndia venceu\u00a0o Ford\/Taubat\u00e9 por 4 a 0 na noite do \u00faltimo s\u00e1bado, no Gin\u00e1sio Maur\u00edcio Leite de Moraes, em Orl\u00e2ndia, interior de S\u00e3o Paulo, e se manteve na lideran\u00e7a da Liga Paulista de Futsal. Com o resultado, o time orlandino chegou a 19 pontos (seis vit\u00f3rias e um empate), seguido pelo Corinthians, que soma 16 e tem uma partida a menos. O Taubat\u00e9 perdeu seu primeiro jogo na Liga e est\u00e1 em quarto lugar com nove pontos (tr\u00eas vit\u00f3rias e uma derrota).<br \/>\nOs gols da Intelli foram marcados por Dieguinho (dois), Gadeia e Douglas. O piv\u00f4 Dieguinho, que chegou a cinco gols na competi\u00e7\u00e3o, falou sobre ter ajudado a equipe a vencer.<br \/>\n&#8211; <strong>Enfrentamos uma equipe que ainda n\u00e3o havia perdido e mais uma vez fomos muito bem e vencemos com um placar el\u00e1stico. Fico feliz em ter marcado novamente e ajudado a equipe<\/strong> &#8211; disse Dieguinho, camisa 89 da Intelli.<br \/>\nJ\u00e1 o t\u00e9cnico Bruno Zuchinalli, do Taubat\u00e9, reclamou do preparo f\u00edsico de sua equipe. \u201c<strong>Durante alguns minutos conseguimos enfrentar o advers\u00e1rio de igual para igual, por\u00e9m sentimos um pouco em rela\u00e7\u00e3o ao preparo f\u00edsico devido a viagem, que foi longa, al\u00e9m da qualidade da Intelli que sobressaiu<\/strong>\u201d, explicou.<br \/>\nA Intelli volta a jogar pela Liga Paulista na pr\u00f3xima sexta-feira, no cl\u00e1ssico contra o Corinthians, \u00e0s 21h30, no Parque S\u00e3o Jorge. Com tr\u00eas vit\u00f3rias e uma derrota, a ADC Ford volta \u00e0 quadra na quarta-feira (1), quando enfrenta o Itapeva no gin\u00e1sio Antonio Queiroz, em Osasco, \u00e0s 19h30. O treinador n\u00e3o vai poder contar com o ala Max, expulso contra o Orl\u00e2ndia.<br \/>\nPor Assessoria FPFS<br \/>\nCom informa\u00e7\u00f5es Marca Assessoria e Top 10 Comunica\u00e7\u00e3o<\/p>\n","protected":false},"excerpt":{"rendered":"<p>A Intelli\/Orl\u00e2ndia venceu\u00a0o Ford\/Taubat\u00e9 por 4 a 0 na noite do \u00faltimo s\u00e1bado, no Gin\u00e1sio Maur\u00edcio Leite de Moraes, em<\/p>\n","protected":false},"author":1,"featured_media":4123,"comment_status":"closed","ping_status":"open","sticky":false,"template":"","format":"standard","meta":{"footnotes":""},"categories":[25,31],"tags":[1108,1323,1525],"class_list":["post-4122","post","type-post","status-publish","format-standard","has-post-thumbnail","hentry","category-destaques","category-liga-paulista-de-futsal","tag-ford-taubate","tag-intelli","tag-liga-paulista"],"_links":{"self":[{"href":"https:\/\/www.federacaopaulistadefutsal.com.br\/novo\/wp-json\/wp\/v2\/posts\/4122","targetHints":{"allow":["GET"]}}],"collection":[{"href":"https:\/\/www.federacaopaulistadefutsal.com.br\/novo\/wp-json\/wp\/v2\/posts"}],"about":[{"href":"https:\/\/www.federacaopaulistadefutsal.com.br\/novo\/wp-json\/wp\/v2\/types\/post"}],"author":[{"embeddable":true,"href":"https:\/\/www.federacaopaulistadefutsal.com.br\/novo\/wp-json\/wp\/v2\/users\/1"}],"replies":[{"embeddable":true,"href":"https:\/\/www.federacaopaulistadefutsal.com.br\/novo\/wp-json\/wp\/v2\/comments?post=4122"}],"version-history":[{"count":0,"href":"https:\/\/www.federacaopaulistadefutsal.com.br\/novo\/wp-json\/wp\/v2\/posts\/4122\/revisions"}],"wp:featuredmedia":[{"embeddable":true,"href":"https:\/\/www.federacaopaulistadefutsal.com.br\/novo\/wp-json\/"}],"wp:attachment":[{"href":"https:\/\/www.federacaopaulistadefutsal.com.br\/novo\/wp-json\/wp\/v2\/media?parent=4122"}],"wp:term":[{"taxonomy":"category","embeddable":true,"href":"https:\/\/www.federacaopaulistadefutsal.com.br\/novo\/wp-json\/wp\/v2\/categories?post=4122"},{"taxonomy":"post_tag","embeddable":true,"href":"https:\/\/www.federacaopaulistadefutsal.com.br\/novo\/wp-json\/wp\/v2\/tags?post=4122"}],"curies":[{"name":"wp","href":"https:\/\/api.w.org\/{rel}","templated":true}]}}