{"id":4147,"date":"2015-03-31T15:23:56","date_gmt":"2015-03-31T15:23:56","guid":{"rendered":"http:\/\/www.federacaopaulistadefutsal.com.br\/?p=4147"},"modified":"2015-03-31T15:23:56","modified_gmt":"2015-03-31T15:23:56","slug":"cbf-pode-assumir-a-selecao-de-futsal-e-falcao-se-aproxima-de-del-nero","status":"publish","type":"post","link":"https:\/\/www.federacaopaulistadefutsal.com.br\/novo\/cbf-pode-assumir-a-selecao-de-futsal-e-falcao-se-aproxima-de-del-nero\/","title":{"rendered":"CBF pode assumir a sele\u00e7\u00e3o de futsal e Falc\u00e3o se aproxima de Del Nero"},"content":{"rendered":"<p>Os principais jogadores de futsal do pa\u00eds, liderados pelo craque Falc\u00e3o, decidiram tomar uma medida dr\u00e1stica.\u00a0A falta de perspectivas quanto \u00e0 situa\u00e7\u00e3o da Confedera\u00e7\u00e3o Brasileira de Futebol de Sal\u00e3o (CBFS) tem feito os atletas repensarem projetos que visam melhorar esporte no pa\u00eds.<br \/>\nFalc\u00e3o e alguns apoiadores\u00a0querem\u00a0a entrada da CBF no futsal.\u00a0A entidade m\u00e1xima do futebol brasileiro passaria a ser a gestora da sele\u00e7\u00e3o do pa\u00eds, j\u00e1 que o item VIII do artigo 5\u00ba do seu estatuto permite a retomada do controle do futsal a qualquer momento. Para isso, o grupo liderado pelo camisa 12 se aproximou de Marco Polo Del Nero, que come\u00e7ar\u00e1 o seu mandato \u00e0 frente da CBF no dia 16 de abril.\u00a0Endividada e impossibilitada de negociar patroc\u00ednios com empresas estatais, a CBFS elege o seu presidente nesta ter\u00e7a-feira, em Fortaleza. Presidente da Federa\u00e7\u00e3o Mineira de Futsal, Marcos Madeira \u00e9 candidato \u00fanico e deve ser eleito por aclama\u00e7\u00e3o. Indignados com o rumo pol\u00edtico da Confedera\u00e7\u00e3o, os principais jogadores do pa\u00eds declararam boicote \u00e0 sele\u00e7\u00e3o no \u00faltimo fim de semana.<br \/>\n&#8211; <strong>Devemos nos reunir com o Del Nero, no m\u00e1ximo, at\u00e9 o dia 20. A CBFS n\u00e3o \u00e9 homologada pela Fifa. O Brasil \u00e9 o \u00fanico pa\u00eds que ainda tem uma confedera\u00e7\u00e3o de futsal. Todas as outras sele\u00e7\u00f5es s\u00e3o geridas por confedera\u00e7\u00f5es de futebol reconhecidas pela Fifa. A gente tenta que a CBF assuma o futsal de novo e passe a gest\u00e3o para pessoas que queiram estar ali. E que entendam de gest\u00e3o, antes de entender de futsal. E que os cargos ligados ao esporte tenham pessoas que conhe\u00e7am, que vivam, que queiram o bem do esporte<\/strong> &#8211; afirmou Falc\u00e3o.<br \/>\nO grande aliado de Falc\u00e3o na aproxima\u00e7\u00e3o com Del Nero \u00e9 o executivo S\u00e9rgio Gomes, um dos diretores da GM\/Chevrolet. Amigo do camisa 12 e com boa rela\u00e7\u00e3o com Del Nero, ele j\u00e1 deixou encaminhado um contrato de patroc\u00ednio caso a CBF assuma a sele\u00e7\u00e3o brasileira de futsal.<br \/>\nA mudan\u00e7a na gest\u00e3o da sele\u00e7\u00e3o deixaria a CBFS como respons\u00e1vel apenas pelo registro de clubes e atletas e organiza\u00e7\u00e3o de competi\u00e7\u00f5es nacionais e regionais, sendo que a Liga Futsal &#8211; principal campeonato do pa\u00eds &#8211; tornou-se uma liga independente desde o ano passado e atualmente se chama Liga Nacional de Futsal (LNF).<br \/>\nA\u00a0assessoria de imprensa da CBF informou que vai se pronunciar sobre a quest\u00e3o ainda hoje (31).<br \/>\nPor Assessoria FPFS<br \/>\nCom informa\u00e7\u00f5es GloboEsporte.com<br \/>\n(Foto: Andr\u00e9 Dur\u00e3o\/Globoesporte.com)<\/p>\n","protected":false},"excerpt":{"rendered":"<p>Os principais jogadores de futsal do pa\u00eds, liderados pelo craque Falc\u00e3o, decidiram tomar uma medida dr\u00e1stica.\u00a0A falta de perspectivas quanto<\/p>\n","protected":false},"author":1,"featured_media":4148,"comment_status":"closed","ping_status":"open","sticky":false,"template":"","format":"standard","meta":{"footnotes":""},"categories":[25,35],"tags":[563,910,1019,1592],"class_list":["post-4147","post","type-post","status-publish","format-standard","has-post-thumbnail","hentry","category-destaques","category-selecao","tag-cbfs","tag-eleicoes","tag-falcao","tag-marco-polo-del-nero"],"_links":{"self":[{"href":"https:\/\/www.federacaopaulistadefutsal.com.br\/novo\/wp-json\/wp\/v2\/posts\/4147","targetHints":{"allow":["GET"]}}],"collection":[{"href":"https:\/\/www.federacaopaulistadefutsal.com.br\/novo\/wp-json\/wp\/v2\/posts"}],"about":[{"href":"https:\/\/www.federacaopaulistadefutsal.com.br\/novo\/wp-json\/wp\/v2\/types\/post"}],"author":[{"embeddable":true,"href":"https:\/\/www.federacaopaulistadefutsal.com.br\/novo\/wp-json\/wp\/v2\/users\/1"}],"replies":[{"embeddable":true,"href":"https:\/\/www.federacaopaulistadefutsal.com.br\/novo\/wp-json\/wp\/v2\/comments?post=4147"}],"version-history":[{"count":0,"href":"https:\/\/www.federacaopaulistadefutsal.com.br\/novo\/wp-json\/wp\/v2\/posts\/4147\/revisions"}],"wp:featuredmedia":[{"embeddable":true,"href":"https:\/\/www.federacaopaulistadefutsal.com.br\/novo\/wp-json\/"}],"wp:attachment":[{"href":"https:\/\/www.federacaopaulistadefutsal.com.br\/novo\/wp-json\/wp\/v2\/media?parent=4147"}],"wp:term":[{"taxonomy":"category","embeddable":true,"href":"https:\/\/www.federacaopaulistadefutsal.com.br\/novo\/wp-json\/wp\/v2\/categories?post=4147"},{"taxonomy":"post_tag","embeddable":true,"href":"https:\/\/www.federacaopaulistadefutsal.com.br\/novo\/wp-json\/wp\/v2\/tags?post=4147"}],"curies":[{"name":"wp","href":"https:\/\/api.w.org\/{rel}","templated":true}]}}