{"id":4150,"date":"2015-03-31T14:58:00","date_gmt":"2015-03-31T14:58:00","guid":{"rendered":"http:\/\/www.federacaopaulistadefutsal.com.br\/?p=4150"},"modified":"2015-03-31T14:58:00","modified_gmt":"2015-03-31T14:58:00","slug":"corinthians-enfrenta-bauru-pela-liga-paulista","status":"publish","type":"post","link":"https:\/\/www.federacaopaulistadefutsal.com.br\/novo\/corinthians-enfrenta-bauru-pela-liga-paulista\/","title":{"rendered":"Corinthians enfrenta Bauru pela Liga Paulista"},"content":{"rendered":"<p>Nesta ter\u00e7a-feira (31), o Corinthians encara o Bauru pela 5\u00aa semana da Liga Paulista de Futsal. O jogo acontece\u00a0\u00e0s 19h45\u00a0no gin\u00e1sio do Parque S\u00e3o Jorge. O Tim\u00e3o, ap\u00f3s o empate na \u00faltima rodada, busca conseguir pontos para bater o l\u00edder Orl\u00e2ndia, e se vencer, o alvinegro se aproxima da lideran\u00e7a da competi\u00e7\u00e3o.<br \/>\nNa estreia do t\u00e9cnico Fernando Ferretti, o clube de Parque S\u00e3o Jorge\u00a0ficou no 1 a 1 com o Gr\u00eamio Mogiano e perdeu os 100% de aproveitamento no torneio. Por\u00e9m, caso ven\u00e7a, o Tim\u00e3o empata com o Orl\u00e2ndia, que tem um jogo a mais, e pode superar o rival nos crit\u00e9rios de desempate. Os dois l\u00edderes se enfrentam na pr\u00f3xima sexta-feira.<br \/>\nPara o jogo, o Corinthians aposta na boa fase do piv\u00f4 Simi. Ao lado de Xuxa, do Sorocaba, ele \u00e9 artilheiro da competi\u00e7\u00e3o estadual e j\u00e1 guardou seis gols nesta edi\u00e7\u00e3o da Liga Paulista. Os corintianos t\u00eam tamb\u00e9m o melhor saldo do campeonato: 21 gols positivos.\u00a0Os bauruenses ir\u00e3o \u00e0 capital paulista embalados depois de terem conquistado o primeiro triunfo na temporada ao bater a AABB\/Santo Andr\u00e9, na \u00faltima quarta-feira, por 3 a 1 \u2013 antes, o time acumulava duas derrotas, ambas fora de casa.<br \/>\nA vit\u00f3ria contra a AABB deixou o Bauru em 10\u00ba lugar, com tr\u00eas pontos, dentro da zona de classifica\u00e7\u00e3o para a segunda fase. A aposta bauruense \u00e9 no jovem Misael, que se destacou no time sub-20 do Corinthians em 2014 e agora reencontrar\u00e1 seu ex-time.<br \/>\n\u2013 <strong>Existe uma grande mudan\u00e7a do sub-20 para o principal do Corinthians e n\u00e3o podemos nos limitar em treinar apenas algumas jogadas espec\u00edficas do advers\u00e1rio, pois tudo isso pode ser mudado pelo individual deles e tamb\u00e9m por alguma situa\u00e7\u00e3o de jogo, ent\u00e3o, precisamos entrar em quadra com determina\u00e7\u00e3o e ra\u00e7a para fazer um bom jogo<\/strong> \u2013 explicou Misael.<br \/>\nPor Assessoria FPFS<br \/>\nCom informa\u00e7\u00f5es GloboEsporte.com<br \/>\n(Foto: Cairo Oliveira)<\/p>\n","protected":false},"excerpt":{"rendered":"<p>Nesta ter\u00e7a-feira (31), o Corinthians encara o Bauru pela 5\u00aa semana da Liga Paulista de Futsal. O jogo acontece\u00a0\u00e0s 19h45\u00a0no<\/p>\n","protected":false},"author":1,"featured_media":4151,"comment_status":"closed","ping_status":"open","sticky":false,"template":"","format":"standard","meta":{"footnotes":""},"categories":[25,31],"tags":[367,734,1525],"class_list":["post-4150","post","type-post","status-publish","format-standard","has-post-thumbnail","hentry","category-destaques","category-liga-paulista-de-futsal","tag-bauru","tag-corinthians","tag-liga-paulista"],"_links":{"self":[{"href":"https:\/\/www.federacaopaulistadefutsal.com.br\/novo\/wp-json\/wp\/v2\/posts\/4150","targetHints":{"allow":["GET"]}}],"collection":[{"href":"https:\/\/www.federacaopaulistadefutsal.com.br\/novo\/wp-json\/wp\/v2\/posts"}],"about":[{"href":"https:\/\/www.federacaopaulistadefutsal.com.br\/novo\/wp-json\/wp\/v2\/types\/post"}],"author":[{"embeddable":true,"href":"https:\/\/www.federacaopaulistadefutsal.com.br\/novo\/wp-json\/wp\/v2\/users\/1"}],"replies":[{"embeddable":true,"href":"https:\/\/www.federacaopaulistadefutsal.com.br\/novo\/wp-json\/wp\/v2\/comments?post=4150"}],"version-history":[{"count":0,"href":"https:\/\/www.federacaopaulistadefutsal.com.br\/novo\/wp-json\/wp\/v2\/posts\/4150\/revisions"}],"wp:featuredmedia":[{"embeddable":true,"href":"https:\/\/www.federacaopaulistadefutsal.com.br\/novo\/wp-json\/"}],"wp:attachment":[{"href":"https:\/\/www.federacaopaulistadefutsal.com.br\/novo\/wp-json\/wp\/v2\/media?parent=4150"}],"wp:term":[{"taxonomy":"category","embeddable":true,"href":"https:\/\/www.federacaopaulistadefutsal.com.br\/novo\/wp-json\/wp\/v2\/categories?post=4150"},{"taxonomy":"post_tag","embeddable":true,"href":"https:\/\/www.federacaopaulistadefutsal.com.br\/novo\/wp-json\/wp\/v2\/tags?post=4150"}],"curies":[{"name":"wp","href":"https:\/\/api.w.org\/{rel}","templated":true}]}}