{"id":4156,"date":"2015-03-31T15:20:45","date_gmt":"2015-03-31T15:20:45","guid":{"rendered":"http:\/\/www.federacaopaulistadefutsal.com.br\/?p=4156"},"modified":"2015-03-31T15:20:45","modified_gmt":"2015-03-31T15:20:45","slug":"oportunity-e-derrotado-pelo-hortolandia-no-metropolitano-feminino","status":"publish","type":"post","link":"https:\/\/www.federacaopaulistadefutsal.com.br\/novo\/oportunity-e-derrotado-pelo-hortolandia-no-metropolitano-feminino\/","title":{"rendered":"Oportunity \u00e9 derrotado pelo Hortol\u00e2ndia no Metropolitano feminino"},"content":{"rendered":"<p>Neste \u00faltimo domingo (29), a equipe feminina do Oportunity\/Semjel jogou pela Copa Metropolitana, e perdeu por 5 a 1 para Hortol\u00e2ndia. A partida foi realizada em Bragan\u00e7a Paulista no Gin\u00e1sio Rubens Battazza. Foi a segunda derrota em duas rodadas do time de Bragan\u00e7a Paulista, que ap\u00f3s uma boa participa\u00e7\u00e3o na Copa Campinas, no segundo semestre do ano passado, quando chegou at\u00e9 as quartas-de-final, esperava uma in\u00edcio melhor de temporada.<br \/>\nO time jogou com Julia (goleira), Cac\u00e1, Bia, Milena, Paulinha, Jack, Mariana, Jaqueline, Mislaine, Sarah, Isabela, Cauane, Jessiquinha e Milani. O gol for marcado por Bia. O time bragantino folga no final de semana da P\u00e1scoa e na pr\u00f3xima rodada enfrenta o Atibaia, fora de casa, dia 12, um domingo.<br \/>\nPor Assessoria FPFS<br \/>\nCom informa\u00e7\u00f5es Assessoria Oportunity<\/p>\n","protected":false},"excerpt":{"rendered":"<p>Neste \u00faltimo domingo (29), a equipe feminina do Oportunity\/Semjel jogou pela Copa Metropolitana, e perdeu por 5 a 1 para<\/p>\n","protected":false},"author":1,"featured_media":0,"comment_status":"closed","ping_status":"open","sticky":false,"template":"","format":"standard","meta":{"footnotes":""},"categories":[25,26],"tags":[717,1046,1783],"class_list":["post-4156","post","type-post","status-publish","format-standard","hentry","category-destaques","category-feminino","tag-copa-metropolitana","tag-feminino","tag-oportunitysemjel"],"_links":{"self":[{"href":"https:\/\/www.federacaopaulistadefutsal.com.br\/novo\/wp-json\/wp\/v2\/posts\/4156","targetHints":{"allow":["GET"]}}],"collection":[{"href":"https:\/\/www.federacaopaulistadefutsal.com.br\/novo\/wp-json\/wp\/v2\/posts"}],"about":[{"href":"https:\/\/www.federacaopaulistadefutsal.com.br\/novo\/wp-json\/wp\/v2\/types\/post"}],"author":[{"embeddable":true,"href":"https:\/\/www.federacaopaulistadefutsal.com.br\/novo\/wp-json\/wp\/v2\/users\/1"}],"replies":[{"embeddable":true,"href":"https:\/\/www.federacaopaulistadefutsal.com.br\/novo\/wp-json\/wp\/v2\/comments?post=4156"}],"version-history":[{"count":0,"href":"https:\/\/www.federacaopaulistadefutsal.com.br\/novo\/wp-json\/wp\/v2\/posts\/4156\/revisions"}],"wp:attachment":[{"href":"https:\/\/www.federacaopaulistadefutsal.com.br\/novo\/wp-json\/wp\/v2\/media?parent=4156"}],"wp:term":[{"taxonomy":"category","embeddable":true,"href":"https:\/\/www.federacaopaulistadefutsal.com.br\/novo\/wp-json\/wp\/v2\/categories?post=4156"},{"taxonomy":"post_tag","embeddable":true,"href":"https:\/\/www.federacaopaulistadefutsal.com.br\/novo\/wp-json\/wp\/v2\/tags?post=4156"}],"curies":[{"name":"wp","href":"https:\/\/api.w.org\/{rel}","templated":true}]}}