{"id":4378,"date":"2015-05-04T18:18:11","date_gmt":"2015-05-04T18:18:11","guid":{"rendered":"http:\/\/www.federacaopaulistadefutsal.com.br\/?p=4378"},"modified":"2015-05-04T18:18:11","modified_gmt":"2015-05-04T18:18:11","slug":"intelli-pega-embalado-cascavel-pela-liga-nacional","status":"publish","type":"post","link":"https:\/\/www.federacaopaulistadefutsal.com.br\/novo\/intelli-pega-embalado-cascavel-pela-liga-nacional\/","title":{"rendered":"Intelli pega embalado Cascavel pela Liga Nacional"},"content":{"rendered":"<p>Nesta segunda-feira, depois de perder a primeira na Liga Nacional, a Intelli\/Orl\u00e2ndia tenta voltar a vencer contra o embalado Red Panther\/Cascavel, \u00e0s 20h15, no Gin\u00e1sio Maur\u00edcio Leite de Moraes, em Orl\u00e2ndia, interior de S\u00e3o Paulo, pela s\u00e9tima rodada da competi\u00e7\u00e3o nacional.\u00a0O time paulista foi derrotado por 4 a 2 pelo Guarapuava, mas se manteve na segunda posi\u00e7\u00e3o com 11 pontos, um a menos do que o l\u00edder Corinthians.<br \/>\n&#8211; <strong>Vamos buscar essa recupera\u00e7\u00e3o para tentar chegar ao topo da classifica\u00e7\u00e3o e vamos encarar uma equipe que vem de dois bons resultados e estar\u00e1 com a motiva\u00e7\u00e3o elevada, mas estamos preparados e concentrados para conseguir esses tr\u00eas pontos<\/strong> &#8211; disse o piv\u00f4 Dieguinho, que tem quatro gols na Liga.<br \/>\nJ\u00e1 o Cascavel, que come\u00e7ou mal a Liga, vem se recuperando e venceu nas \u00faltimas duas rodadas (2 a 1 sobre o Umuarama e 4 a 3 sobre o Minas, ambas fora de casa). Os paranaenses, com sete pontos, est\u00e3o no limite da zona de classifica\u00e7\u00e3o na 14\u00aa coloca\u00e7\u00e3o.<br \/>\n&#8211; <strong>Felizmente conseguimos essas duas \u00faltimas vit\u00f3rias fora de casa e seguimos na nossa maratona longe de casa. A Intelli tem um grande elenco, mas vamos tentar conseguir mais um bom resultado fora<\/strong> &#8211; disse o piv\u00f4 Juninho.<br \/>\nPor Assessoria FPFS<br \/>\nCom informa\u00e7\u00f5es Marca Assessoria<\/p>\n","protected":false},"excerpt":{"rendered":"<p>Nesta segunda-feira, depois de perder a primeira na Liga Nacional, a Intelli\/Orl\u00e2ndia tenta voltar a vencer contra o embalado Red<\/p>\n","protected":false},"author":1,"featured_media":4379,"comment_status":"closed","ping_status":"open","sticky":false,"template":"","format":"standard","meta":{"footnotes":""},"categories":[25,30],"tags":[537,849,1323,1456,1523],"class_list":["post-4378","post","type-post","status-publish","format-standard","has-post-thumbnail","hentry","category-destaques","category-liga-nacional-de-futsal","tag-cascavel","tag-dieguinho","tag-intelli","tag-juninho","tag-liga-nacional"],"_links":{"self":[{"href":"https:\/\/www.federacaopaulistadefutsal.com.br\/novo\/wp-json\/wp\/v2\/posts\/4378","targetHints":{"allow":["GET"]}}],"collection":[{"href":"https:\/\/www.federacaopaulistadefutsal.com.br\/novo\/wp-json\/wp\/v2\/posts"}],"about":[{"href":"https:\/\/www.federacaopaulistadefutsal.com.br\/novo\/wp-json\/wp\/v2\/types\/post"}],"author":[{"embeddable":true,"href":"https:\/\/www.federacaopaulistadefutsal.com.br\/novo\/wp-json\/wp\/v2\/users\/1"}],"replies":[{"embeddable":true,"href":"https:\/\/www.federacaopaulistadefutsal.com.br\/novo\/wp-json\/wp\/v2\/comments?post=4378"}],"version-history":[{"count":0,"href":"https:\/\/www.federacaopaulistadefutsal.com.br\/novo\/wp-json\/wp\/v2\/posts\/4378\/revisions"}],"wp:featuredmedia":[{"embeddable":true,"href":"https:\/\/www.federacaopaulistadefutsal.com.br\/novo\/wp-json\/"}],"wp:attachment":[{"href":"https:\/\/www.federacaopaulistadefutsal.com.br\/novo\/wp-json\/wp\/v2\/media?parent=4378"}],"wp:term":[{"taxonomy":"category","embeddable":true,"href":"https:\/\/www.federacaopaulistadefutsal.com.br\/novo\/wp-json\/wp\/v2\/categories?post=4378"},{"taxonomy":"post_tag","embeddable":true,"href":"https:\/\/www.federacaopaulistadefutsal.com.br\/novo\/wp-json\/wp\/v2\/tags?post=4378"}],"curies":[{"name":"wp","href":"https:\/\/api.w.org\/{rel}","templated":true}]}}