{"id":4624,"date":"2015-05-14T15:13:37","date_gmt":"2015-05-14T15:13:37","guid":{"rendered":"http:\/\/www.federacaopaulistadefutsal.com.br\/?p=4624"},"modified":"2015-05-14T15:13:37","modified_gmt":"2015-05-14T15:13:37","slug":"na-estreia-da-copa-paulista-a3-futsalitai-vence-vargem-grande","status":"publish","type":"post","link":"https:\/\/www.federacaopaulistadefutsal.com.br\/novo\/na-estreia-da-copa-paulista-a3-futsalitai-vence-vargem-grande\/","title":{"rendered":"Na estreia da Copa Paulista A3, Futsal\/Ita\u00ed vence Vargem Grande"},"content":{"rendered":"<p>No \u00faltimo s\u00e1bado (9), a equipe do Futsal\/Ita\u00ed estreou pela Copa Paulista de Futsal A3 (Campeonato Paulista de Futsal para menores), diante do PM Vargem Grande Paulista, duelo realizado na casa do advers\u00e1rio pelas categorias Sub-10 e Sub-12. A\u00a0equipe Sub-10, no primeiro jogo, superou os donos da casa pelo placar de 3 a 0, com gols de Leonardo Brisola (2) e Igor.<br \/>\nJ\u00e1 na partida\u00a0das equipes do Sub-12, o jogo foi eletrizante. Os\u00a0donos da casa abriram 3 a 0, por\u00e9m na volta do intervalo a equipe de Ita\u00ed virou a partida e saiu de quadra vitoriosa. Matheus Felix fez dois gols, Vitor Cau\u00e3 tamb\u00e9m balan\u00e7ou as redes por duas vezes, e Gilmar fechou o placar\u00a0para o time itaiense.<br \/>\nAs equipes do Futsal\/Ita\u00ed s\u00e3o\u00a0comandadas pelo treinador Cristiano Cardoso e auxiliado por R\u00e9gis.<br \/>\nPor Assessoria FPFS<br \/>\nCom informa\u00e7\u00f5es\u00a0ME Assessoria de Imprensa<br \/>\nFoto: Divulga\u00e7\u00e3o\/ME Assessoria de Imprensa<\/p>\n","protected":false},"excerpt":{"rendered":"<p>No \u00faltimo s\u00e1bado (9), a equipe do Futsal\/Ita\u00ed estreou pela Copa Paulista de Futsal A3 (Campeonato Paulista de Futsal para<\/p>\n","protected":false},"author":1,"featured_media":4625,"comment_status":"closed","ping_status":"open","sticky":false,"template":"","format":"standard","meta":{"footnotes":""},"categories":[25,33],"tags":[719,1155,2557],"class_list":["post-4624","post","type-post","status-publish","format-standard","has-post-thumbnail","hentry","category-destaques","category-menores","tag-copa-paulista-a3","tag-futsalitai","tag-vargem-grande"],"_links":{"self":[{"href":"https:\/\/www.federacaopaulistadefutsal.com.br\/novo\/wp-json\/wp\/v2\/posts\/4624","targetHints":{"allow":["GET"]}}],"collection":[{"href":"https:\/\/www.federacaopaulistadefutsal.com.br\/novo\/wp-json\/wp\/v2\/posts"}],"about":[{"href":"https:\/\/www.federacaopaulistadefutsal.com.br\/novo\/wp-json\/wp\/v2\/types\/post"}],"author":[{"embeddable":true,"href":"https:\/\/www.federacaopaulistadefutsal.com.br\/novo\/wp-json\/wp\/v2\/users\/1"}],"replies":[{"embeddable":true,"href":"https:\/\/www.federacaopaulistadefutsal.com.br\/novo\/wp-json\/wp\/v2\/comments?post=4624"}],"version-history":[{"count":0,"href":"https:\/\/www.federacaopaulistadefutsal.com.br\/novo\/wp-json\/wp\/v2\/posts\/4624\/revisions"}],"wp:featuredmedia":[{"embeddable":true,"href":"https:\/\/www.federacaopaulistadefutsal.com.br\/novo\/wp-json\/"}],"wp:attachment":[{"href":"https:\/\/www.federacaopaulistadefutsal.com.br\/novo\/wp-json\/wp\/v2\/media?parent=4624"}],"wp:term":[{"taxonomy":"category","embeddable":true,"href":"https:\/\/www.federacaopaulistadefutsal.com.br\/novo\/wp-json\/wp\/v2\/categories?post=4624"},{"taxonomy":"post_tag","embeddable":true,"href":"https:\/\/www.federacaopaulistadefutsal.com.br\/novo\/wp-json\/wp\/v2\/tags?post=4624"}],"curies":[{"name":"wp","href":"https:\/\/api.w.org\/{rel}","templated":true}]}}