{"id":4663,"date":"2015-05-19T14:53:15","date_gmt":"2015-05-19T14:53:15","guid":{"rendered":"http:\/\/www.federacaopaulistadefutsal.com.br\/?p=4663"},"modified":"2015-05-19T14:53:15","modified_gmt":"2015-05-19T14:53:15","slug":"futsalitai-e-votorantim-jogaram-pela-copa-paulista-de-futsal","status":"publish","type":"post","link":"https:\/\/www.federacaopaulistadefutsal.com.br\/novo\/futsalitai-e-votorantim-jogaram-pela-copa-paulista-de-futsal\/","title":{"rendered":"Futsal\/Ita\u00ed e Votorantim jogaram pela Copa Paulista de Futsal"},"content":{"rendered":"<p>A equipe do A.D.M.E\/Futsal\/Ita\u00ed comandada pelo treinador Cristiano Cardoso, recebeu no \u00faltimo s\u00e1bado, no Gin\u00e1sio Municipal de Esportes de Ita\u00ed-SP, a equipe da P.M Votorantim\/SEDESP, em mais uma rodada da Copa Paulista de Futsal A3 (Campeonato Paulista de Futsal para menores).<br \/>\nNo primeiro duelo, a equipe da casa Sub-10, conseguiu uma importante vit\u00f3ria. Desta vez, 6 a 2 para os itaienses, tendo como destaque da partida os jogadores L\u00e9o Brisola e Igor. Ambos fizeram dois gols cada, e ainda marcaram para o Ita\u00ed, Riquelme e Gabriel.<br \/>\nNo jogo de fundo, o time de Votorantim foi para cima dos donos da casa e de virada venceram pelo placar de 3 a 2.<br \/>\nPor Assessoria FPFS<br \/>\nCom informa\u00e7\u00f5es\u00a0ME Assessoria de Imprensa<br \/>\nFoto: Divulga\u00e7\u00e3o\/ME Assessoria de Imprensa<\/p>\n","protected":false},"excerpt":{"rendered":"<p>A equipe do A.D.M.E\/Futsal\/Ita\u00ed comandada pelo treinador Cristiano Cardoso, recebeu no \u00faltimo s\u00e1bado, no Gin\u00e1sio Municipal de Esportes de Ita\u00ed-SP,<\/p>\n","protected":false},"author":1,"featured_media":4664,"comment_status":"closed","ping_status":"open","sticky":false,"template":"","format":"standard","meta":{"footnotes":""},"categories":[25,33],"tags":[721,1155,2609],"class_list":["post-4663","post","type-post","status-publish","format-standard","has-post-thumbnail","hentry","category-destaques","category-menores","tag-copa-paulista-de-futsal-a3","tag-futsalitai","tag-votorantim"],"_links":{"self":[{"href":"https:\/\/www.federacaopaulistadefutsal.com.br\/novo\/wp-json\/wp\/v2\/posts\/4663","targetHints":{"allow":["GET"]}}],"collection":[{"href":"https:\/\/www.federacaopaulistadefutsal.com.br\/novo\/wp-json\/wp\/v2\/posts"}],"about":[{"href":"https:\/\/www.federacaopaulistadefutsal.com.br\/novo\/wp-json\/wp\/v2\/types\/post"}],"author":[{"embeddable":true,"href":"https:\/\/www.federacaopaulistadefutsal.com.br\/novo\/wp-json\/wp\/v2\/users\/1"}],"replies":[{"embeddable":true,"href":"https:\/\/www.federacaopaulistadefutsal.com.br\/novo\/wp-json\/wp\/v2\/comments?post=4663"}],"version-history":[{"count":0,"href":"https:\/\/www.federacaopaulistadefutsal.com.br\/novo\/wp-json\/wp\/v2\/posts\/4663\/revisions"}],"wp:featuredmedia":[{"embeddable":true,"href":"https:\/\/www.federacaopaulistadefutsal.com.br\/novo\/wp-json\/"}],"wp:attachment":[{"href":"https:\/\/www.federacaopaulistadefutsal.com.br\/novo\/wp-json\/wp\/v2\/media?parent=4663"}],"wp:term":[{"taxonomy":"category","embeddable":true,"href":"https:\/\/www.federacaopaulistadefutsal.com.br\/novo\/wp-json\/wp\/v2\/categories?post=4663"},{"taxonomy":"post_tag","embeddable":true,"href":"https:\/\/www.federacaopaulistadefutsal.com.br\/novo\/wp-json\/wp\/v2\/tags?post=4663"}],"curies":[{"name":"wp","href":"https:\/\/api.w.org\/{rel}","templated":true}]}}