{"id":4707,"date":"2015-05-20T14:32:08","date_gmt":"2015-05-20T14:32:08","guid":{"rendered":"http:\/\/www.federacaopaulistadefutsal.com.br\/?p=4707"},"modified":"2015-05-20T14:32:08","modified_gmt":"2015-05-20T14:32:08","slug":"oportunity-conhece-seus-adversarios-nas-oitavas-do-metropolitano","status":"publish","type":"post","link":"https:\/\/www.federacaopaulistadefutsal.com.br\/novo\/oportunity-conhece-seus-adversarios-nas-oitavas-do-metropolitano\/","title":{"rendered":"Oportunity conhece seus advers\u00e1rios nas oitavas do Metropolitano"},"content":{"rendered":"<p>A Federa\u00e7\u00e3o Paulista de Futsal (FPFS) divulgou nesta ter\u00e7a-feira a tabela das oitavas-de-final do Campeonato Metropolitano de Menores. O Oportunity\/Integral\/Bragan\u00e7a enfrentar\u00e1, pelas categorias sub-12, sub-16 e sub-17, a Mauaense, o S\u00e3o Paulo B e o Wimpro, de Guarulhos, respectivamente.<br \/>\nOs jogos de ida acontecem j\u00e1 no pr\u00f3ximo s\u00e1bado, 24. A equipe sub-12 enfrenta o time de Mau\u00e1, \u00e0s 8h30. \u00c0s 10h45 \u00e9 a vez de o time sub-16 enfrentar o S\u00e3o Paulo B. Na categoria sub-17 o Oportunity entra em quadra \u00e0s 11h30 contra o Wimpro. Os jogos ser\u00e3o realizados no gin\u00e1sio Presidente Ciro II, pertencente \u00e0 FPFS, em S\u00e3o Paulo.<br \/>\nAs partidas de volta est\u00e3o marcadas para o feriado de 4 de junho, nos mesmos hor\u00e1rios, mas no gin\u00e1sio Presidente Ciro I. Todos os jogos a partir desta fase s\u00e3o disputados nos gin\u00e1sios da FPFS.<br \/>\nDe acordo com o regulamento, uma vit\u00f3ria e um empate classifica o time que obtiver uma vit\u00f3ria. Havendo uma vit\u00f3ria para cada equipe ou dois empates, o confronto ser\u00e1 decidido na prorroga\u00e7\u00e3o. Persistindo o empate na prorroga\u00e7\u00e3o, se classifica o time de melhor campanha.<br \/>\nNo caso dos times de Bragan\u00e7a, o sub-12 e o sub-17 precisam de ao menos uma vit\u00f3ria, no tempo normal ou na prorroga\u00e7\u00e3o. J\u00e1 o sub-16, por ter melhor campanha que o advers\u00e1rio, pode empatar os dois jogos no tempo normal e tamb\u00e9m a prorroga\u00e7\u00e3o para ficar com a vaga.<br \/>\nA expectativa de classifica\u00e7\u00e3o das tr\u00eas equipes \u00e9 grande, apesar de serem advers\u00e1rios fortes. O sub-16 venceu por goleada a maioria dos jogos da primeira fase e se classificou com tranquilidade, mostrando mais uma vez ser candidato ao t\u00edtulo. O sub-12 manteve a regularidade e entra forte na disputa e o sub-17 subiu de produ\u00e7\u00e3o nas \u00faltimas rodadas e mostrou que pode chegar longe.<br \/>\nPor Assessoria FPFS<br \/>\nCom informa\u00e7\u00f5es Assessoria Oportunity<\/p>\n","protected":false},"excerpt":{"rendered":"<p>A Federa\u00e7\u00e3o Paulista de Futsal (FPFS) divulgou nesta ter\u00e7a-feira a tabela das oitavas-de-final do Campeonato Metropolitano de Menores. O Oportunity\/Integral\/Bragan\u00e7a<\/p>\n","protected":false},"author":1,"featured_media":0,"comment_status":"closed","ping_status":"open","sticky":false,"template":"","format":"standard","meta":{"footnotes":""},"categories":[25,12],"tags":[1643,1650,1766,1780],"class_list":["post-4707","post","type-post","status-publish","format-standard","hentry","category-destaques","category-metropolitano-base-a1","tag-menores-2","tag-metropolitano","tag-oitavas","tag-oportunity"],"_links":{"self":[{"href":"https:\/\/www.federacaopaulistadefutsal.com.br\/novo\/wp-json\/wp\/v2\/posts\/4707","targetHints":{"allow":["GET"]}}],"collection":[{"href":"https:\/\/www.federacaopaulistadefutsal.com.br\/novo\/wp-json\/wp\/v2\/posts"}],"about":[{"href":"https:\/\/www.federacaopaulistadefutsal.com.br\/novo\/wp-json\/wp\/v2\/types\/post"}],"author":[{"embeddable":true,"href":"https:\/\/www.federacaopaulistadefutsal.com.br\/novo\/wp-json\/wp\/v2\/users\/1"}],"replies":[{"embeddable":true,"href":"https:\/\/www.federacaopaulistadefutsal.com.br\/novo\/wp-json\/wp\/v2\/comments?post=4707"}],"version-history":[{"count":0,"href":"https:\/\/www.federacaopaulistadefutsal.com.br\/novo\/wp-json\/wp\/v2\/posts\/4707\/revisions"}],"wp:attachment":[{"href":"https:\/\/www.federacaopaulistadefutsal.com.br\/novo\/wp-json\/wp\/v2\/media?parent=4707"}],"wp:term":[{"taxonomy":"category","embeddable":true,"href":"https:\/\/www.federacaopaulistadefutsal.com.br\/novo\/wp-json\/wp\/v2\/categories?post=4707"},{"taxonomy":"post_tag","embeddable":true,"href":"https:\/\/www.federacaopaulistadefutsal.com.br\/novo\/wp-json\/wp\/v2\/tags?post=4707"}],"curies":[{"name":"wp","href":"https:\/\/api.w.org\/{rel}","templated":true}]}}