{"id":4713,"date":"2015-05-21T15:17:23","date_gmt":"2015-05-21T15:17:23","guid":{"rendered":"http:\/\/www.federacaopaulistadefutsal.com.br\/?p=4713"},"modified":"2015-05-21T15:17:23","modified_gmt":"2015-05-21T15:17:23","slug":"4713","status":"publish","type":"post","link":"https:\/\/www.federacaopaulistadefutsal.com.br\/novo\/4713\/","title":{"rendered":"Peneira no IFA Futsal"},"content":{"rendered":"<p>Visando refor\u00e7ar suas equipes para a disputa do Campeonato Estadual S\u00e9rie A-2, o IFA \u2013 Futsal realizar\u00e1 a partir de 25 de maio, as seletivas para suas categorias. As avalia\u00e7\u00f5es ser\u00e3o no Col\u00e9gio Augusto Maia, localizado na Avenida Jacu P\u00eassego-Nova Trabalhadores, 35, em Itaquera, at\u00e9 o final de junho.<br \/>\n<strong>Dias e hor\u00e1rios:<\/strong><br \/>\nNascidos em 2005\/2006<br \/>\nSegundas e Ter\u00e7as-feiras a partir das 19h00<br \/>\nNascidos em 2003\/2004<br \/>\nSegundas-feiras a partir das 20h30 e Quartas-Feiras a partir das 19h00<br \/>\nNascidos em 2001\/2002<br \/>\nTer\u00e7as e Quartas-feiras a partir das 20h30<br \/>\nPara mais informa\u00e7\u00f5es, entre em contato com Ewerton \u2013 Diretor esportes: (11) 7742-1146; \u2013 Nextel ID: 768*1853; &#8211; Tel. (11) 9.5435-6857 &#8211; Tim<br \/>\nPor Assessoria FPFS<\/p>\n","protected":false},"excerpt":{"rendered":"<p>Visando refor\u00e7ar suas equipes para a disputa do Campeonato Estadual S\u00e9rie A-2, o IFA \u2013 Futsal realizar\u00e1 a partir de<\/p>\n","protected":false},"author":1,"featured_media":0,"comment_status":"closed","ping_status":"open","sticky":false,"template":"","format":"standard","meta":{"footnotes":""},"categories":[25],"tags":[1281,1858],"class_list":["post-4713","post","type-post","status-publish","format-standard","hentry","category-destaques","tag-ifa-futsal","tag-peneira"],"_links":{"self":[{"href":"https:\/\/www.federacaopaulistadefutsal.com.br\/novo\/wp-json\/wp\/v2\/posts\/4713","targetHints":{"allow":["GET"]}}],"collection":[{"href":"https:\/\/www.federacaopaulistadefutsal.com.br\/novo\/wp-json\/wp\/v2\/posts"}],"about":[{"href":"https:\/\/www.federacaopaulistadefutsal.com.br\/novo\/wp-json\/wp\/v2\/types\/post"}],"author":[{"embeddable":true,"href":"https:\/\/www.federacaopaulistadefutsal.com.br\/novo\/wp-json\/wp\/v2\/users\/1"}],"replies":[{"embeddable":true,"href":"https:\/\/www.federacaopaulistadefutsal.com.br\/novo\/wp-json\/wp\/v2\/comments?post=4713"}],"version-history":[{"count":0,"href":"https:\/\/www.federacaopaulistadefutsal.com.br\/novo\/wp-json\/wp\/v2\/posts\/4713\/revisions"}],"wp:attachment":[{"href":"https:\/\/www.federacaopaulistadefutsal.com.br\/novo\/wp-json\/wp\/v2\/media?parent=4713"}],"wp:term":[{"taxonomy":"category","embeddable":true,"href":"https:\/\/www.federacaopaulistadefutsal.com.br\/novo\/wp-json\/wp\/v2\/categories?post=4713"},{"taxonomy":"post_tag","embeddable":true,"href":"https:\/\/www.federacaopaulistadefutsal.com.br\/novo\/wp-json\/wp\/v2\/tags?post=4713"}],"curies":[{"name":"wp","href":"https:\/\/api.w.org\/{rel}","templated":true}]}}