{"id":4716,"date":"2015-05-21T15:38:49","date_gmt":"2015-05-21T15:38:49","guid":{"rendered":"http:\/\/www.federacaopaulistadefutsal.com.br\/?p=4716"},"modified":"2015-05-21T15:38:49","modified_gmt":"2015-05-21T15:38:49","slug":"menores-do-futsal-de-osasco-buscam-classificacao-para-segunda-fase-do-metropolitano","status":"publish","type":"post","link":"https:\/\/www.federacaopaulistadefutsal.com.br\/novo\/menores-do-futsal-de-osasco-buscam-classificacao-para-segunda-fase-do-metropolitano\/","title":{"rendered":"Menores do futsal de Osasco buscam classifica\u00e7\u00e3o para segunda fase do Metropolitano"},"content":{"rendered":"<p>Quatro das cinco equipes de Osasco classificadas para a segunda fase do Campeonato Metropolitano de Futsal Menores entram em quadra neste s\u00e1bado (23), no Gin\u00e1sio Presidente Ciro, em S\u00e3o Paulo, em busca de classifica\u00e7\u00e3o para a terceira fase da competi\u00e7\u00e3o. No primeiro confronto do playoff, os meninos do CSS II Ex\u00e9rcito\/Osasco sofreram um rev\u00e9s e agora precisam vencer suas partidas para levar os jogos para a prorroga\u00e7\u00e3o.<br \/>\nAs partidas come\u00e7am a partir das 14h quando o sub-12 encara o favorito Tabo\u00e3o da Serra, no Presidente Ciro I. \u00c0s 14h45, o sub 14 enfrenta o Palmeiras, no Ciro II. A Basf \u00e9 a advers\u00e1rio do sub 10, \u00e0s 15h30, no Ciro I. E fechando a rodada para Osasco, o sub 17, tenta superar o Palmeiras, \u00e0s 17h, no Ciro II.<br \/>\nPor Assessoria FPFS<\/p>\n","protected":false},"excerpt":{"rendered":"<p>Quatro das cinco equipes de Osasco classificadas para a segunda fase do Campeonato Metropolitano de Futsal Menores entram em quadra<\/p>\n","protected":false},"author":1,"featured_media":0,"comment_status":"closed","ping_status":"open","sticky":false,"template":"","format":"standard","meta":{"footnotes":""},"categories":[25,33],"tags":[551,1643,1650,1792],"class_list":["post-4716","post","type-post","status-publish","format-standard","hentry","category-destaques","category-menores","tag-categorias","tag-menores-2","tag-metropolitano","tag-osasco"],"_links":{"self":[{"href":"https:\/\/www.federacaopaulistadefutsal.com.br\/novo\/wp-json\/wp\/v2\/posts\/4716","targetHints":{"allow":["GET"]}}],"collection":[{"href":"https:\/\/www.federacaopaulistadefutsal.com.br\/novo\/wp-json\/wp\/v2\/posts"}],"about":[{"href":"https:\/\/www.federacaopaulistadefutsal.com.br\/novo\/wp-json\/wp\/v2\/types\/post"}],"author":[{"embeddable":true,"href":"https:\/\/www.federacaopaulistadefutsal.com.br\/novo\/wp-json\/wp\/v2\/users\/1"}],"replies":[{"embeddable":true,"href":"https:\/\/www.federacaopaulistadefutsal.com.br\/novo\/wp-json\/wp\/v2\/comments?post=4716"}],"version-history":[{"count":0,"href":"https:\/\/www.federacaopaulistadefutsal.com.br\/novo\/wp-json\/wp\/v2\/posts\/4716\/revisions"}],"wp:attachment":[{"href":"https:\/\/www.federacaopaulistadefutsal.com.br\/novo\/wp-json\/wp\/v2\/media?parent=4716"}],"wp:term":[{"taxonomy":"category","embeddable":true,"href":"https:\/\/www.federacaopaulistadefutsal.com.br\/novo\/wp-json\/wp\/v2\/categories?post=4716"},{"taxonomy":"post_tag","embeddable":true,"href":"https:\/\/www.federacaopaulistadefutsal.com.br\/novo\/wp-json\/wp\/v2\/tags?post=4716"}],"curies":[{"name":"wp","href":"https:\/\/api.w.org\/{rel}","templated":true}]}}