{"id":5034,"date":"2015-06-17T10:00:02","date_gmt":"2015-06-17T10:00:02","guid":{"rendered":"http:\/\/www.federacaopaulistadefutsal.com.br\/?p=5034"},"modified":"2015-06-17T10:00:02","modified_gmt":"2015-06-17T10:00:02","slug":"manter-lideranca-e-foco-da-adc-intelliorlandia-na-liga-futsal","status":"publish","type":"post","link":"https:\/\/www.federacaopaulistadefutsal.com.br\/novo\/manter-lideranca-e-foco-da-adc-intelliorlandia-na-liga-futsal\/","title":{"rendered":"Manter lideran\u00e7a \u00e9 foco da ADC Intelli\/Orl\u00e2ndia na Liga Futsal"},"content":{"rendered":"<p>&nbsp;<br \/>\nNa \u00faltima\u00a0segunda-feira (15), a ADC Intelli bateu o Marechal Rondon, por 6 a 4, em partida v\u00e1lida pela Liga Nacional de Futsal (LNF). O duelo aconteceu no gin\u00e1sio Maur\u00edcio Leite de Moraes, casa do Orl\u00e2ndia, e confirmou a lideran\u00e7a dos paulistas no torneio.<br \/>\nA vit\u00f3ria orlandina saiu dos p\u00e9s de Douglas, Dieguinho, em tr\u00eas oportunidades, Gadeia e Felipe. J\u00e1 para os paranaenses, os gols foram marcados por Barbosinha, Guerra, Valen\u00e7a e Parrel.\u00a0Com os pontos alcan\u00e7ados, a equipe paulista se manteve como l\u00edder da Liga Futsal; o Marechal Rondon, em contrapartida, permanece nas \u00faltimas posi\u00e7\u00f5es da competi\u00e7\u00e3o.<br \/>\nNo s\u00e1bado (20), os dois times voltam \u00e0s quadras pelo nacional, na 18\u00aa rodada. A ADC Intelli\/Orl\u00e2ndia recebe o Sorocaba, do craque Falc\u00e3o, \u00e0s 13h00. Os paranaenses medem for\u00e7as contra o Lajeado, do Rio Grande do Sul, \u00e0s 19h00, no gin\u00e1sio Ney Braga.<br \/>\nPor Assessoria FPFS<br \/>\nCom informa\u00e7\u00f5es: GloboEsporte.com<br \/>\nFoto: M\u00e1rcio Dami\u00e3o<br \/>\n&nbsp;<\/p>\n","protected":false},"excerpt":{"rendered":"<p>&nbsp; Na \u00faltima\u00a0segunda-feira (15), a ADC Intelli bateu o Marechal Rondon, por 6 a 4, em partida v\u00e1lida pela Liga<\/p>\n","protected":false},"author":1,"featured_media":5035,"comment_status":"closed","ping_status":"open","sticky":false,"template":"","format":"standard","meta":{"footnotes":""},"categories":[25,30,32],"tags":[171,849,1510,1512,1546,1597,1789],"class_list":["post-5034","post","type-post","status-publish","format-standard","has-post-thumbnail","hentry","category-destaques","category-liga-nacional-de-futsal","category-maiores","tag-adc-intelli","tag-dieguinho","tag-lider","tag-lideranca","tag-lnf","tag-marechal-rondon","tag-orlandia"],"_links":{"self":[{"href":"https:\/\/www.federacaopaulistadefutsal.com.br\/novo\/wp-json\/wp\/v2\/posts\/5034","targetHints":{"allow":["GET"]}}],"collection":[{"href":"https:\/\/www.federacaopaulistadefutsal.com.br\/novo\/wp-json\/wp\/v2\/posts"}],"about":[{"href":"https:\/\/www.federacaopaulistadefutsal.com.br\/novo\/wp-json\/wp\/v2\/types\/post"}],"author":[{"embeddable":true,"href":"https:\/\/www.federacaopaulistadefutsal.com.br\/novo\/wp-json\/wp\/v2\/users\/1"}],"replies":[{"embeddable":true,"href":"https:\/\/www.federacaopaulistadefutsal.com.br\/novo\/wp-json\/wp\/v2\/comments?post=5034"}],"version-history":[{"count":0,"href":"https:\/\/www.federacaopaulistadefutsal.com.br\/novo\/wp-json\/wp\/v2\/posts\/5034\/revisions"}],"wp:featuredmedia":[{"embeddable":true,"href":"https:\/\/www.federacaopaulistadefutsal.com.br\/novo\/wp-json\/"}],"wp:attachment":[{"href":"https:\/\/www.federacaopaulistadefutsal.com.br\/novo\/wp-json\/wp\/v2\/media?parent=5034"}],"wp:term":[{"taxonomy":"category","embeddable":true,"href":"https:\/\/www.federacaopaulistadefutsal.com.br\/novo\/wp-json\/wp\/v2\/categories?post=5034"},{"taxonomy":"post_tag","embeddable":true,"href":"https:\/\/www.federacaopaulistadefutsal.com.br\/novo\/wp-json\/wp\/v2\/tags?post=5034"}],"curies":[{"name":"wp","href":"https:\/\/api.w.org\/{rel}","templated":true}]}}