{"id":5088,"date":"2015-06-20T15:10:57","date_gmt":"2015-06-20T15:10:57","guid":{"rendered":"http:\/\/www.federacaopaulistadefutsal.com.br\/?p=5088"},"modified":"2015-06-20T15:10:57","modified_gmt":"2015-06-20T15:10:57","slug":"lutando-por-classificacao-a-segunda-fase-sao-jose-encara-joinville-pela-liga-futsal","status":"publish","type":"post","link":"https:\/\/www.federacaopaulistadefutsal.com.br\/novo\/lutando-por-classificacao-a-segunda-fase-sao-jose-encara-joinville-pela-liga-futsal\/","title":{"rendered":"Lutando por classifica\u00e7\u00e3o \u00e0 segunda fase, S\u00e3o Jos\u00e9 encara Joinville pela Liga Futsal"},"content":{"rendered":"<p>&nbsp;<br \/>\nAp\u00f3s passar dias treinando em Blumenau-SC, o S\u00e3o Jos\u00e9 Futsal chega em Joinville-SC para seu confronto contra o time local, neste s\u00e1bado (20), \u00e0s 19:00 horas, em partida v\u00e1lida pela Liga Nacional de Futsal (LNF). Os joseenses aparecem na 14\u00aa coloca\u00e7\u00e3o da competi\u00e7\u00e3o e, para tentar cravar sua participa\u00e7\u00e3o na segunda fase, buscam vit\u00f3ria hoje \u00e0 noite.<br \/>\nCom 20 pontos ganhos at\u00e9 aqui, os paulistas viram seus advers\u00e1rios mais pr\u00f3ximos na tabela os ultrapassarem nas \u00faltimas rodadas do nacional. Por conta disso, os dois jogos restantes, em Santa Catarina, se tornaram e, muito, decisivos para o S\u00e3o Jos\u00e9, que depende, de si mesmo, para chegar aos mata-matas.<br \/>\nApesar da press\u00e3o sob os joseenses, a equipe declara estar concentrada para os pr\u00f3ximos confrontos, pelo menos no que observa o t\u00e9cnico Ivan Gomes\u00a0nos treinos com os atletas. Prepara\u00e7\u00f5es antes das partidas que, principalmente, visam corrigir erros que os jogadores tem cometido em quadra.<br \/>\n<strong>&#8221;Encaramos esse jogo contra o Krona (Joinville) como uma decis\u00e3o&#8221;. Disse o ala Jhow, autor de um dos gols da partida contra o Blumenau. &#8220;Sem d\u00favida esse \u00e9 o jogo do ano pra n\u00f3s e n\u00e3o passa na cabe\u00e7a de ningu\u00e9m ficar de fora da segunda\u00a0fase da Liga. Ainda dependemos de n\u00f3s mesmos e vamos entrar em quadra e fazer de tudo pra sair com a vit\u00f3ria&#8221;, completou o camisa 17.\u00a0<\/strong><br \/>\nPara o duelo diante dos catarinenses, Wilsinho e Vandinho\u00a0desfalcam a equipe.<br \/>\n&nbsp;<br \/>\nPor Assessoria FPFS<br \/>\nCom informa\u00e7\u00f5es: Quarttus Marketing<br \/>\nFoto: Divulga\u00e7\u00e3o\/S\u00e3o Jos\u00e9 Futsal<br \/>\n&nbsp;<br \/>\n&nbsp;<\/p>\n","protected":false},"excerpt":{"rendered":"<p>&nbsp; Ap\u00f3s passar dias treinando em Blumenau-SC, o S\u00e3o Jos\u00e9 Futsal chega em Joinville-SC para seu confronto contra o time<\/p>\n","protected":false},"author":1,"featured_media":5095,"comment_status":"closed","ping_status":"open","sticky":false,"template":"","format":"standard","meta":{"footnotes":""},"categories":[30,32],"tags":[611,1420,1441,1517,1546,2201,2491],"class_list":["post-5088","post","type-post","status-publish","format-standard","has-post-thumbnail","hentry","category-liga-nacional-de-futsal","category-maiores","tag-classificacao","tag-jogo-decisivo","tag-joinville","tag-liga-futsal","tag-lnf","tag-sao-jose-futsal","tag-treinos"],"_links":{"self":[{"href":"https:\/\/www.federacaopaulistadefutsal.com.br\/novo\/wp-json\/wp\/v2\/posts\/5088","targetHints":{"allow":["GET"]}}],"collection":[{"href":"https:\/\/www.federacaopaulistadefutsal.com.br\/novo\/wp-json\/wp\/v2\/posts"}],"about":[{"href":"https:\/\/www.federacaopaulistadefutsal.com.br\/novo\/wp-json\/wp\/v2\/types\/post"}],"author":[{"embeddable":true,"href":"https:\/\/www.federacaopaulistadefutsal.com.br\/novo\/wp-json\/wp\/v2\/users\/1"}],"replies":[{"embeddable":true,"href":"https:\/\/www.federacaopaulistadefutsal.com.br\/novo\/wp-json\/wp\/v2\/comments?post=5088"}],"version-history":[{"count":0,"href":"https:\/\/www.federacaopaulistadefutsal.com.br\/novo\/wp-json\/wp\/v2\/posts\/5088\/revisions"}],"wp:featuredmedia":[{"embeddable":true,"href":"https:\/\/www.federacaopaulistadefutsal.com.br\/novo\/wp-json\/"}],"wp:attachment":[{"href":"https:\/\/www.federacaopaulistadefutsal.com.br\/novo\/wp-json\/wp\/v2\/media?parent=5088"}],"wp:term":[{"taxonomy":"category","embeddable":true,"href":"https:\/\/www.federacaopaulistadefutsal.com.br\/novo\/wp-json\/wp\/v2\/categories?post=5088"},{"taxonomy":"post_tag","embeddable":true,"href":"https:\/\/www.federacaopaulistadefutsal.com.br\/novo\/wp-json\/wp\/v2\/tags?post=5088"}],"curies":[{"name":"wp","href":"https:\/\/api.w.org\/{rel}","templated":true}]}}