{"id":5295,"date":"2015-07-01T22:00:13","date_gmt":"2015-07-01T22:00:13","guid":{"rendered":"http:\/\/www.federacaopaulistadefutsal.com.br\/?p=5295"},"modified":"2015-07-01T22:00:13","modified_gmt":"2015-07-01T22:00:13","slug":"orlandia-utiliza-pausa-nas-ligas-para-recuperar-cico","status":"publish","type":"post","link":"https:\/\/www.federacaopaulistadefutsal.com.br\/novo\/orlandia-utiliza-pausa-nas-ligas-para-recuperar-cico\/","title":{"rendered":"Orl\u00e2ndia utiliza pausa nas ligas para recuperar Ci\u00e7o"},"content":{"rendered":"<p>&nbsp;<br \/>\nContando com uma &#8220;intertemporada&#8221; para recuperar fisicamente seus jogadores, o t\u00e9cnico Cid\u00e3o, da ADC Intelli\/Orl\u00e2ndia, espera ter \u00e0 disposi\u00e7\u00e3o\u00a0os fixos Ci\u00e7o e Renan 100% para as partidas decisivas das ligas Nacional e Paulista de Futsal.\u00a0Ambos os atletas estiveram machucados\u00a0em grande parte do primeiro semestre.<br \/>\nNo caso de Ci\u00e7o, que sofreu les\u00e3o mais grave, fez cirurgia no joelho em mar\u00e7o, retornou \u00e0s quadras, mas teve nova contus\u00e3o, e o treinador optou por deix\u00e1-lo se recuperando no departamento m\u00e9dico da equipe. Cid\u00e3o fez tal escolha para poder contar com aquele que, para muitos, \u00e9 um dos principais jogadores\u00a0da Intelli, nos pr\u00f3ximos seis meses.<br \/>\n<strong>&#8220;Teve a les\u00e3o do Ci\u00e7o, que foi grave, quando voltou sentiu outro local, ent\u00e3o, como a equipe se manteve bem, decidi colocar o Ci\u00e7o no departamento m\u00e9dico novamente, para ter uma recupera\u00e7\u00e3o mais tranquila e voltar 100%. Ele est\u00e1 trabalhando conosco no dia a dia e contamos com ele para as fases seguintes da Liga Paulista e da Liga Nacional&#8221;, contou o t\u00e9cnico.\u00a0<\/strong><br \/>\nA pausa entre as fases da Liga Futsal e Estadual foram vistas como positivas por Cid\u00e3o, mesmo que o Orl\u00e2ndia esteja embalado por causa da lideran\u00e7a conquistada nas duas competi\u00e7\u00f5es. <strong>&#8220;Vai dar para controlar a rapaziada e recuperar o time&#8221;, afirmou o treinador.<\/strong><br \/>\nNo torneio paulista, os orlandinos est\u00e3o classificados para as quartas de final, aguardando o encerramento das oitavas. Pelo Nacional, a Intelli est\u00e1 no Grupo A da segunda fase, juntamente com Guarapuava, Jaragu\u00e1 do Sul, Lajeado, Joinville, S\u00e3o Paulo e S\u00e3o Jos\u00e9; as tabelas da competi\u00e7\u00e3o ainda n\u00e3o foram divulgadas.<br \/>\n&nbsp;<br \/>\nPor Assessoria FPFS<br \/>\nCom informa\u00e7\u00f5es: GloboEsporte.com<br \/>\nFoto: Reprodu\u00e7\u00e3o\/EPTV<br \/>\n&nbsp;<br \/>\n&nbsp;<br \/>\n&nbsp;<\/p>\n","protected":false},"excerpt":{"rendered":"<p>&nbsp; Contando com uma &#8220;intertemporada&#8221; para recuperar fisicamente seus jogadores, o t\u00e9cnico Cid\u00e3o, da ADC Intelli\/Orl\u00e2ndia, espera ter \u00e0 disposi\u00e7\u00e3o\u00a0os<\/p>\n","protected":false},"author":1,"featured_media":5297,"comment_status":"closed","ping_status":"open","sticky":false,"template":"","format":"standard","meta":{"footnotes":""},"categories":[25,30,31,32],"tags":[171,593,595,653,1505,1546,1556,1789,1844,2051,2225],"class_list":["post-5295","post","type-post","status-publish","format-standard","has-post-thumbnail","hentry","category-destaques","category-liga-nacional-de-futsal","category-liga-paulista-de-futsal","category-maiores","tag-adc-intelli","tag-cico","tag-cidao","tag-competicoes","tag-lesao","tag-lnf","tag-lpf","tag-orlandia","tag-pausa","tag-recuperar","tag-segunda-fase"],"_links":{"self":[{"href":"https:\/\/www.federacaopaulistadefutsal.com.br\/novo\/wp-json\/wp\/v2\/posts\/5295","targetHints":{"allow":["GET"]}}],"collection":[{"href":"https:\/\/www.federacaopaulistadefutsal.com.br\/novo\/wp-json\/wp\/v2\/posts"}],"about":[{"href":"https:\/\/www.federacaopaulistadefutsal.com.br\/novo\/wp-json\/wp\/v2\/types\/post"}],"author":[{"embeddable":true,"href":"https:\/\/www.federacaopaulistadefutsal.com.br\/novo\/wp-json\/wp\/v2\/users\/1"}],"replies":[{"embeddable":true,"href":"https:\/\/www.federacaopaulistadefutsal.com.br\/novo\/wp-json\/wp\/v2\/comments?post=5295"}],"version-history":[{"count":0,"href":"https:\/\/www.federacaopaulistadefutsal.com.br\/novo\/wp-json\/wp\/v2\/posts\/5295\/revisions"}],"wp:featuredmedia":[{"embeddable":true,"href":"https:\/\/www.federacaopaulistadefutsal.com.br\/novo\/wp-json\/"}],"wp:attachment":[{"href":"https:\/\/www.federacaopaulistadefutsal.com.br\/novo\/wp-json\/wp\/v2\/media?parent=5295"}],"wp:term":[{"taxonomy":"category","embeddable":true,"href":"https:\/\/www.federacaopaulistadefutsal.com.br\/novo\/wp-json\/wp\/v2\/categories?post=5295"},{"taxonomy":"post_tag","embeddable":true,"href":"https:\/\/www.federacaopaulistadefutsal.com.br\/novo\/wp-json\/wp\/v2\/tags?post=5295"}],"curies":[{"name":"wp","href":"https:\/\/api.w.org\/{rel}","templated":true}]}}