{"id":5314,"date":"2015-07-03T18:30:07","date_gmt":"2015-07-03T18:30:07","guid":{"rendered":"http:\/\/www.federacaopaulistadefutsal.com.br\/?p=5314"},"modified":"2015-07-03T18:30:07","modified_gmt":"2015-07-03T18:30:07","slug":"sao-jose-futsal-anuncia-contratacao-de-nomes-de-peso","status":"publish","type":"post","link":"https:\/\/www.federacaopaulistadefutsal.com.br\/novo\/sao-jose-futsal-anuncia-contratacao-de-nomes-de-peso\/","title":{"rendered":"S\u00e3o Jos\u00e9 Futsal anuncia contrata\u00e7\u00e3o de nomes de peso"},"content":{"rendered":"<p>&nbsp;<br \/>\nVisando a sequ\u00eancia das competi\u00e7\u00f5es deste ano, o S\u00e3o Jos\u00e9 Futsal anuncia a contrata\u00e7\u00e3o de dois jogadores: Andr\u00e9, piv\u00f4, e o ala Fernandinho assinam com a equipe joseense. Eles j\u00e1 foram integrados ao elenco e est\u00e3o \u00e0 disposi\u00e7\u00e3o para atuarem nas quadras.<br \/>\nPor conta de alguns atletas estarem se recuperando de les\u00f5es no departamento m\u00e9dico, a comiss\u00e3o t\u00e9cnica do clube paulista utilizar\u00e1 os refor\u00e7os para suprir necessidades t\u00e9cnicas nas partidas. Fernandinho, que anteriormente vestiu a camisa do Pulo do Gato, deseja\u00a0ajudar o time da melhor maneira que puder:\u00a0<strong>&#8220;Meu objetivo \u00e9 buscar a excel\u00eancia nos jogos, contribuir com o clube e somar valores juntamente com toda a equipe. Pretendo trabalhar com muita \u00e9tica aqui e espero conduzir o meu trabalho sempre com vit\u00f3rias e sempre em busca dos primeiros lugares em todas as competi\u00e7\u00f5es&#8221;, disse o jogador.\u00a0<\/strong><br \/>\nSeu colega de equipe, o piv\u00f4 Andr\u00e9, veio do futsal paranaense, al\u00e9m de ter passagens marcantes por outras equipes e, principalmente, pela ADC Intelli\/Orl\u00e2ndia, onde conquistou a Liga Nacional de Futsal (LNF). Ele se diz feliz em defender o S\u00e3o Jos\u00e9 e quer se dedicar nos treinamentos dos joseenses: <strong>&#8220;<\/strong><strong>Estou muito feliz em vestir a camisa do S\u00e3o Jos\u00e9. Agora vou me dedicar nos treinamentos para ganhar meu espa\u00e7o nessa qualificada equipe. Espero me entrosar rapidamente para ajudar todos nos objetivos que tem para o restante da temporada&#8221;, contou o atleta.\u00a0\u00a0<\/strong><br \/>\n&nbsp;<br \/>\nPor Assessoria FPFS<br \/>\nCom informa\u00e7\u00f5es e foto: Brenno Domingues\/Quarttus Marketing<\/p>\n","protected":false},"excerpt":{"rendered":"<p>&nbsp; Visando a sequ\u00eancia das competi\u00e7\u00f5es deste ano, o S\u00e3o Jos\u00e9 Futsal anuncia a contrata\u00e7\u00e3o de dois jogadores: Andr\u00e9, piv\u00f4,<\/p>\n","protected":false},"author":1,"featured_media":5330,"comment_status":"closed","ping_status":"open","sticky":false,"template":"","format":"standard","meta":{"footnotes":""},"categories":[25,32],"tags":[222,690,947,1049,2063,2201],"class_list":["post-5314","post","type-post","status-publish","format-standard","has-post-thumbnail","hentry","category-destaques","category-maiores","tag-andre","tag-contratacoes","tag-equipe","tag-fernandinho","tag-reforcos","tag-sao-jose-futsal"],"_links":{"self":[{"href":"https:\/\/www.federacaopaulistadefutsal.com.br\/novo\/wp-json\/wp\/v2\/posts\/5314","targetHints":{"allow":["GET"]}}],"collection":[{"href":"https:\/\/www.federacaopaulistadefutsal.com.br\/novo\/wp-json\/wp\/v2\/posts"}],"about":[{"href":"https:\/\/www.federacaopaulistadefutsal.com.br\/novo\/wp-json\/wp\/v2\/types\/post"}],"author":[{"embeddable":true,"href":"https:\/\/www.federacaopaulistadefutsal.com.br\/novo\/wp-json\/wp\/v2\/users\/1"}],"replies":[{"embeddable":true,"href":"https:\/\/www.federacaopaulistadefutsal.com.br\/novo\/wp-json\/wp\/v2\/comments?post=5314"}],"version-history":[{"count":0,"href":"https:\/\/www.federacaopaulistadefutsal.com.br\/novo\/wp-json\/wp\/v2\/posts\/5314\/revisions"}],"wp:featuredmedia":[{"embeddable":true,"href":"https:\/\/www.federacaopaulistadefutsal.com.br\/novo\/wp-json\/"}],"wp:attachment":[{"href":"https:\/\/www.federacaopaulistadefutsal.com.br\/novo\/wp-json\/wp\/v2\/media?parent=5314"}],"wp:term":[{"taxonomy":"category","embeddable":true,"href":"https:\/\/www.federacaopaulistadefutsal.com.br\/novo\/wp-json\/wp\/v2\/categories?post=5314"},{"taxonomy":"post_tag","embeddable":true,"href":"https:\/\/www.federacaopaulistadefutsal.com.br\/novo\/wp-json\/wp\/v2\/tags?post=5314"}],"curies":[{"name":"wp","href":"https:\/\/api.w.org\/{rel}","templated":true}]}}