{"id":5332,"date":"2015-07-03T20:00:21","date_gmt":"2015-07-03T20:00:21","guid":{"rendered":"http:\/\/www.federacaopaulistadefutsal.com.br\/?p=5332"},"modified":"2015-07-03T20:00:21","modified_gmt":"2015-07-03T20:00:21","slug":"de-olho-na-liga-nacional-orlandia-conhece-adversarios-da-segunda-fase","status":"publish","type":"post","link":"https:\/\/www.federacaopaulistadefutsal.com.br\/novo\/de-olho-na-liga-nacional-orlandia-conhece-adversarios-da-segunda-fase\/","title":{"rendered":"De &quot;olho&quot; na Liga Nacional, Orl\u00e2ndia conhece advers\u00e1rios da segunda fase"},"content":{"rendered":"<p>&nbsp;<br \/>\nTomando conhecimento de quais ser\u00e3o seus pr\u00f3ximos advers\u00e1rios na Liga Nacional, a ADC Intelli\/Orl\u00e2ndia ir\u00e1 encarar o S\u00e3o Jos\u00e9 Futsal, dia 13 de julho, no gin\u00e1sio Maur\u00edcio Leite de Moraes, casa dos orlandinos, \u00e0s 20h15. As datas das partidas, como a deste confronto paulista, foram confirmadas em Curitiba (PR), ap\u00f3s reuni\u00e3o dos representantes da competi\u00e7\u00e3o com dirigentes das equipes classificadas \u00e0 pr\u00f3xima etapa do torneio.<br \/>\nA\u00a0Intelli est\u00e1 no Grupo A, que conta com os seguintes clubes:\u00a0Krona Futsal (SC), Jaragu\u00e1 Futsal (SC), CAD\/Guarapuava (PR), Alaf\/Lajeado (RS), S\u00e3o Paulo\/S\u00e3o Bernardo (SP), e\u00a0o\u00a0pr\u00f3ximo rival, S\u00e3o Jos\u00e9 Futsal (SP).\u00a0O grupo B \u00e9 composto por Carlos Barbosa (RS), Corinthians (SP), Brasil Kirin (SP), Umuarama (PR), Assoeva (RS), Conc\u00f3rdia (SC) e Florian\u00f3polis (SC).<br \/>\nDe acordo com o regulamento da Liga Futsal, os times jogam entre si, em partidas de turno e returno, onde os quatro melhores na tabela de classifica\u00e7\u00e3o avan\u00e7am aos playoffs das quartas de final, que devem se iniciar no dia 16 de outubro. Al\u00e9m das defini\u00e7\u00f5es a respeito do calend\u00e1rio deste segundo semestre, os dirigentes presentes no evento na capital paranaense debateram sobre o estatuto do Nacional e iniciaram planejamento para a edi\u00e7\u00e3o da Liga do ano que vem.<br \/>\n<strong>CONFIRA TODOS OS JOGOS DO ORL\u00c2NDIA NA SEGUNDA FASE:<\/strong><br \/>\n<strong>Turno<\/strong><br \/>\n13 de Julho \u2013 ADC Intelli x S\u00e3o Jos\u00e9 Futsal (Em Orl\u00e2ndia)<br \/>\n24 de Julho \u2013 ADC Intelli x S\u00e3o Paulo (Em Orl\u00e2ndia)<br \/>\n31 de Julho- Krona x ADC Intelli (Em Joinville)<br \/>\n03 de Agosto \u2013 CAD\/Guarapuava x ADC Intelli (em Guarapuava)<br \/>\n11 de Agosto \u2013 ADC Intelli x Jaragu\u00e1 do Sul (Em Orl\u00e2ndia)<br \/>\n15 de Agosto \u2013 Alaf\/Lajeado x ADC Intelli (Em Lajeado)<br \/>\n<strong>Returno<\/strong><br \/>\n20 de Agosto \u2013 ADC Intelli x Alaf (Em Orl\u00e2ndia)<br \/>\n07 de Setembro \u2013 Jaragu\u00e1 do Sul x ADC Intelli (Em Jaragu\u00e1 do Sul)<br \/>\n14 de Setembro \u2013 ADC Intelli x CAD\/Guarapuava (Em Orl\u00e2ndia)<br \/>\n21 de Setembro \u2013 ADC Intelli x Krona (Em Orl\u00e2ndia)<br \/>\n28 de Setembro \u2013 S\u00e3o Paulo x ADC Intelli (Em S\u00e3o Bernardo)<br \/>\n12 de Outubro \u2013 S\u00e3o Jos\u00e9 Futsal x ADC Intelli (Em S\u00e3o Jos\u00e9)<br \/>\n&nbsp;<br \/>\nPor Assessoria FPFS<br \/>\nCom informa\u00e7\u00f5es: FutsalEmPauta.com.br<br \/>\nFoto: Divulga\u00e7\u00e3o\/ ADC Intelli\/Orl\u00e2ndia<\/p>\n","protected":false},"excerpt":{"rendered":"<p>&nbsp; Tomando conhecimento de quais ser\u00e3o seus pr\u00f3ximos advers\u00e1rios na Liga Nacional, a ADC Intelli\/Orl\u00e2ndia ir\u00e1 encarar o S\u00e3o Jos\u00e9<\/p>\n","protected":false},"author":1,"featured_media":5061,"comment_status":"closed","ping_status":"open","sticky":false,"template":"","format":"standard","meta":{"footnotes":""},"categories":[30,32],"tags":[171,1517,1546,1789,2201,2225],"class_list":["post-5332","post","type-post","status-publish","format-standard","has-post-thumbnail","hentry","category-liga-nacional-de-futsal","category-maiores","tag-adc-intelli","tag-liga-futsal","tag-lnf","tag-orlandia","tag-sao-jose-futsal","tag-segunda-fase"],"_links":{"self":[{"href":"https:\/\/www.federacaopaulistadefutsal.com.br\/novo\/wp-json\/wp\/v2\/posts\/5332","targetHints":{"allow":["GET"]}}],"collection":[{"href":"https:\/\/www.federacaopaulistadefutsal.com.br\/novo\/wp-json\/wp\/v2\/posts"}],"about":[{"href":"https:\/\/www.federacaopaulistadefutsal.com.br\/novo\/wp-json\/wp\/v2\/types\/post"}],"author":[{"embeddable":true,"href":"https:\/\/www.federacaopaulistadefutsal.com.br\/novo\/wp-json\/wp\/v2\/users\/1"}],"replies":[{"embeddable":true,"href":"https:\/\/www.federacaopaulistadefutsal.com.br\/novo\/wp-json\/wp\/v2\/comments?post=5332"}],"version-history":[{"count":0,"href":"https:\/\/www.federacaopaulistadefutsal.com.br\/novo\/wp-json\/wp\/v2\/posts\/5332\/revisions"}],"wp:featuredmedia":[{"embeddable":true,"href":"https:\/\/www.federacaopaulistadefutsal.com.br\/novo\/wp-json\/"}],"wp:attachment":[{"href":"https:\/\/www.federacaopaulistadefutsal.com.br\/novo\/wp-json\/wp\/v2\/media?parent=5332"}],"wp:term":[{"taxonomy":"category","embeddable":true,"href":"https:\/\/www.federacaopaulistadefutsal.com.br\/novo\/wp-json\/wp\/v2\/categories?post=5332"},{"taxonomy":"post_tag","embeddable":true,"href":"https:\/\/www.federacaopaulistadefutsal.com.br\/novo\/wp-json\/wp\/v2\/tags?post=5332"}],"curies":[{"name":"wp","href":"https:\/\/api.w.org\/{rel}","templated":true}]}}