{"id":5355,"date":"2015-07-06T23:40:07","date_gmt":"2015-07-06T23:40:07","guid":{"rendered":"http:\/\/www.federacaopaulistadefutsal.com.br\/?p=5355"},"modified":"2015-07-06T23:40:07","modified_gmt":"2015-07-06T23:40:07","slug":"santo-andre-futsal-realiza-peneiras-para-reforcar-equipes","status":"publish","type":"post","link":"https:\/\/www.federacaopaulistadefutsal.com.br\/novo\/santo-andre-futsal-realiza-peneiras-para-reforcar-equipes\/","title":{"rendered":"Santo Andr\u00e9 Futsal realiza peneiras para refor\u00e7ar equipes"},"content":{"rendered":"<p>&nbsp;<br \/>\nVisando refor\u00e7ar suas equipes para a disputa do Estadual S\u00e9rie Prata, o Santo Andr\u00e9 Futsal ir\u00e1 realizar peneiras. Nos dias 11 e 18 de julho acontecem, na quadra do Vassoler, testes para as categorias sub-7, 8, 9, 10, 12, 14, 16 e 17.<br \/>\n<strong>Datas e hor\u00e1rios das peneiras:<\/strong><br \/>\nDia 11 de julho &#8211; s\u00e1bado &#8211; testes para as categorias: sub-14, \u00e0s 08h30; sub-16, \u00e0s 10h40; e sub-17, \u00e0s 11h40.<br \/>\nDia 18 de julho &#8211; s\u00e1bado &#8211; testes para as categorias sub-12, \u00e0s 08h30; sub-10, \u00e0s 10h40; e sub-7, 8 e 9, \u00e0s 11h40.<br \/>\n<strong>Endere\u00e7o: RUA AMAMBA\u00cd, 500 &#8211; VILA CEC\u00cdLIA MARIA, SANTO ANDR\u00c9-SP.\u00a0<\/strong><br \/>\n<strong>Para maiores informa\u00e7\u00f5es, favor entrar em contato &#8211; <\/strong>telefone:\u00a0(11) 4453-0765\/ (11)\u00a094737-7472 &#8211; PROFESSOR MARCELO.<br \/>\n<strong>IMPORTANTE! &#8211;\u00a0<\/strong>Para a realiza\u00e7\u00e3o dos testes, os atletas devem levar R.G ou certid\u00e3o de nascimento, e comparecerem trajados de uniforme e material esportivo para a pr\u00e1tica do futsal.<br \/>\n&nbsp;<br \/>\nPor Assessoria FPFS<br \/>\nCom informa\u00e7\u00f5es: Marcelo Gentofanti\/Grupo AMA<br \/>\nFoto: Divulga\u00e7\u00e3o<br \/>\n&nbsp;<\/p>\n","protected":false},"excerpt":{"rendered":"<p>&nbsp; Visando refor\u00e7ar suas equipes para a disputa do Estadual S\u00e9rie Prata, o Santo Andr\u00e9 Futsal ir\u00e1 realizar peneiras. Nos<\/p>\n","protected":false},"author":1,"featured_media":5356,"comment_status":"closed","ping_status":"open","sticky":false,"template":"","format":"standard","meta":{"footnotes":""},"categories":[25,33],"tags":[948,975,1643,1779,43,2061,2182,2285],"class_list":["post-5355","post","type-post","status-publish","format-standard","has-post-thumbnail","hentry","category-destaques","category-menores","tag-equipes","tag-estadual","tag-menores-2","tag-oportunidade","tag-peneiras","tag-reforcar","tag-santo-andre-futsal","tag-serie-prata"],"_links":{"self":[{"href":"https:\/\/www.federacaopaulistadefutsal.com.br\/novo\/wp-json\/wp\/v2\/posts\/5355","targetHints":{"allow":["GET"]}}],"collection":[{"href":"https:\/\/www.federacaopaulistadefutsal.com.br\/novo\/wp-json\/wp\/v2\/posts"}],"about":[{"href":"https:\/\/www.federacaopaulistadefutsal.com.br\/novo\/wp-json\/wp\/v2\/types\/post"}],"author":[{"embeddable":true,"href":"https:\/\/www.federacaopaulistadefutsal.com.br\/novo\/wp-json\/wp\/v2\/users\/1"}],"replies":[{"embeddable":true,"href":"https:\/\/www.federacaopaulistadefutsal.com.br\/novo\/wp-json\/wp\/v2\/comments?post=5355"}],"version-history":[{"count":0,"href":"https:\/\/www.federacaopaulistadefutsal.com.br\/novo\/wp-json\/wp\/v2\/posts\/5355\/revisions"}],"wp:featuredmedia":[{"embeddable":true,"href":"https:\/\/www.federacaopaulistadefutsal.com.br\/novo\/wp-json\/"}],"wp:attachment":[{"href":"https:\/\/www.federacaopaulistadefutsal.com.br\/novo\/wp-json\/wp\/v2\/media?parent=5355"}],"wp:term":[{"taxonomy":"category","embeddable":true,"href":"https:\/\/www.federacaopaulistadefutsal.com.br\/novo\/wp-json\/wp\/v2\/categories?post=5355"},{"taxonomy":"post_tag","embeddable":true,"href":"https:\/\/www.federacaopaulistadefutsal.com.br\/novo\/wp-json\/wp\/v2\/tags?post=5355"}],"curies":[{"name":"wp","href":"https:\/\/api.w.org\/{rel}","templated":true}]}}