{"id":5367,"date":"2015-07-07T22:00:55","date_gmt":"2015-07-07T22:00:55","guid":{"rendered":"http:\/\/www.federacaopaulistadefutsal.com.br\/?p=5367"},"modified":"2015-07-07T22:00:55","modified_gmt":"2015-07-07T22:00:55","slug":"visando-preparacao-para-jogos-regionais-a-a-fib-realiza-treinos-com-goleiro-linha","status":"publish","type":"post","link":"https:\/\/www.federacaopaulistadefutsal.com.br\/novo\/visando-preparacao-para-jogos-regionais-a-a-fib-realiza-treinos-com-goleiro-linha\/","title":{"rendered":"Visando prepara\u00e7\u00e3o para Jogos Regionais, A.A. FIB realiza treinos com goleiro linha"},"content":{"rendered":"<p>&nbsp;<br \/>\nOs irm\u00e3os Elton Carvalho e Everton Carvalho da Silva, o Alem\u00e3o, ensaiaram jogadas com goleiro linha durante os treinos desta ter\u00e7a-feira (07) da A.A. FIB, que foram realizados no gin\u00e1sio Duduz\u00e3o, no campus das Faculdades Integradas de Bauru (FIB). A comiss\u00e3o t\u00e9cnica tamb\u00e9m aperfei\u00e7oou as jogadas de bola parada no decorrer das atividades.<br \/>\n<strong>&#8220;Ainda n\u00e3o temos um nome para assumir a posi\u00e7\u00e3o de goleiro linha nas partidas e, neste primeiro momento, testamos todos os jogadores&#8221;, disse Elton Carvalho. &#8220;Iremos ter outras atividades para aprimorarmos os lances com goleiro linha e depois definiremos quem assumir\u00e1 a fun\u00e7\u00e3o&#8221;, completou o treinador.<\/strong><br \/>\nNo primeiro semestre, o ala Evinho, que n\u00e3o faz mais parte do grupo bauruense desde o fim da Liga Paulista de Futsal (LPF), era quem atuava como goleiro linha. Para completar os treinamentos desta ter\u00e7a-feira (07), os atletas trabalharam as jogadas de escanteio e cobran\u00e7as de laterais no campo ofensivo.<br \/>\n<strong>&#8220;Hav\u00edamos ensaiado algumas jogadas de bola parada no primeiro ciclo de treinos e agora introduzimos outras varia\u00e7\u00f5es em novas situa\u00e7\u00f5es. N\u00e3o \u00e9 preciso falar da import\u00e2ncia dos lances oriundos de bolas paradas e os atletas est\u00e3o muito conscientes de que este tipo de jogada por ser fundamental para o restante da temporada&#8221;, destacou Elton Carvalho.<\/strong><br \/>\nA programa\u00e7\u00e3o de treinos do elenco da A.A. FIB prossegue com duas atividades nesta quarta-feira (08), \u00e0s 11h00 e \u00e0s 16h00 horas e, na quinta-feira (09), feriado estadual, os atletas treinar\u00e3o apenas \u00e0s 11h00 horas e ter\u00e3o folga \u00e0 tarde. A partir do dia 15, a equipe ir\u00e1 representar a delega\u00e7\u00e3o da cidade de Bauru-SP nos Jogos Regionais, que ter\u00e3o como sede o munic\u00edpio de Santa B\u00e1rbara D\u2019Oeste, S\u00e3o Paulo.<br \/>\n&nbsp;<br \/>\nPor Assessoria FPFS<br \/>\nCom informa\u00e7\u00f5es e foto:\u00a0Rafael Peloso\/A.A. FIB<br \/>\n&nbsp;<\/p>\n","protected":false},"excerpt":{"rendered":"<p>&nbsp; Os irm\u00e3os Elton Carvalho e Everton Carvalho da Silva, o Alem\u00e3o, ensaiaram jogadas com goleiro linha durante os treinos<\/p>\n","protected":false},"author":1,"featured_media":5368,"comment_status":"closed","ping_status":"open","sticky":false,"template":"","format":"standard","meta":{"footnotes":""},"categories":[29,32],"tags":[99,367,645,1206,1350,1437,1948,2491],"class_list":["post-5367","post","type-post","status-publish","format-standard","has-post-thumbnail","hentry","category-interior","category-maiores","tag-a-a-fib","tag-bauru","tag-comissao-tecnica","tag-goleiro-linha","tag-irmaos","tag-jogos-regionais","tag-preparacao","tag-treinos"],"_links":{"self":[{"href":"https:\/\/www.federacaopaulistadefutsal.com.br\/novo\/wp-json\/wp\/v2\/posts\/5367","targetHints":{"allow":["GET"]}}],"collection":[{"href":"https:\/\/www.federacaopaulistadefutsal.com.br\/novo\/wp-json\/wp\/v2\/posts"}],"about":[{"href":"https:\/\/www.federacaopaulistadefutsal.com.br\/novo\/wp-json\/wp\/v2\/types\/post"}],"author":[{"embeddable":true,"href":"https:\/\/www.federacaopaulistadefutsal.com.br\/novo\/wp-json\/wp\/v2\/users\/1"}],"replies":[{"embeddable":true,"href":"https:\/\/www.federacaopaulistadefutsal.com.br\/novo\/wp-json\/wp\/v2\/comments?post=5367"}],"version-history":[{"count":0,"href":"https:\/\/www.federacaopaulistadefutsal.com.br\/novo\/wp-json\/wp\/v2\/posts\/5367\/revisions"}],"wp:featuredmedia":[{"embeddable":true,"href":"https:\/\/www.federacaopaulistadefutsal.com.br\/novo\/wp-json\/"}],"wp:attachment":[{"href":"https:\/\/www.federacaopaulistadefutsal.com.br\/novo\/wp-json\/wp\/v2\/media?parent=5367"}],"wp:term":[{"taxonomy":"category","embeddable":true,"href":"https:\/\/www.federacaopaulistadefutsal.com.br\/novo\/wp-json\/wp\/v2\/categories?post=5367"},{"taxonomy":"post_tag","embeddable":true,"href":"https:\/\/www.federacaopaulistadefutsal.com.br\/novo\/wp-json\/wp\/v2\/tags?post=5367"}],"curies":[{"name":"wp","href":"https:\/\/api.w.org\/{rel}","templated":true}]}}