{"id":5409,"date":"2015-07-09T18:38:05","date_gmt":"2015-07-09T18:38:05","guid":{"rendered":"http:\/\/www.federacaopaulistadefutsal.com.br\/?p=5409"},"modified":"2015-07-09T18:38:05","modified_gmt":"2015-07-09T18:38:05","slug":"visando-reforcar-equipes-para-estadual-wimpro-realiza-peneiras-em-guarulhos-sp","status":"publish","type":"post","link":"https:\/\/www.federacaopaulistadefutsal.com.br\/novo\/visando-reforcar-equipes-para-estadual-wimpro-realiza-peneiras-em-guarulhos-sp\/","title":{"rendered":"Visando refor\u00e7ar equipes para Estadual, Wimpro realiza peneiras em Guarulhos-SP"},"content":{"rendered":"<p>&nbsp;<br \/>\nVisando refor\u00e7ar suas equipes para a disputa do Campeonato Estadual, organizado pela Federa\u00e7\u00e3o Paulista de Futebol de Sal\u00e3o (FPFS), a Wimpro realizar\u00e1\u00a0peneiras para completar seus grupos e, principalmente, descobrir novos talentos do futsal. Os testes estar\u00e3o\u00a0dispon\u00edveis \u00e0s seguintes categorias: sub-10, 12, 14, 16 e 17.<br \/>\n<strong>Datas e hor\u00e1rios das peneiras:\u00a0<\/strong><br \/>\nSub-10 (nascidos em 2005) &#8211; 14 e 16\/07, a partir das 20h00, no gin\u00e1sio da Ponte Grande.<br \/>\nSub-12 (nascidos em 2003) &#8211; 14 e 16\/07, a partir das 21h00, no gin\u00e1sio da Ponte Grande.<br \/>\nSub-14 (nascidos em 2001) &#8211; 21 e 23\/07, a partir das 17h00, no gin\u00e1sio da A.D. Wimpro.<br \/>\nSub-16 (nascidos em 1999) &#8211; 21 e 23\/07, a partir das 17h00, no gin\u00e1sio da A.D. Wimpro.<br \/>\nSub-17 (nascidos em 1998) &#8211; 14\u00a0e 16\/07, a partir das 17h00, no gin\u00e1sio da A.D. Wimpro.<br \/>\n<strong>Endere\u00e7os:<\/strong><br \/>\nGIN\u00c1SIO DA PONTE GRANDE &#8211;\u00a0Av. Domingos Fanganielo, 317 &#8211; Ponte Grande, Guarulhos-SP.<br \/>\nGIN\u00c1SIO DA A.D. WIMPRO &#8211;\u00a0Av. Milton, 515 &#8211; Vila Galv\u00e3o &#8211; Guarulhos-SP.<br \/>\n<strong>Para maiores informa\u00e7\u00f5es:\u00a0<\/strong><br \/>\nFavor entrar em contato com Mois\u00e9s, coordenador. <strong>Telefone: <\/strong>(11)\u00a095790-8292.<br \/>\n<strong>IMPORTANTE! &#8211;\u00a0<\/strong>Para a realiza\u00e7\u00e3o dos testes, os atletas devem levar R.G, e comparecerem trajados de uniforme e material esportivo para a pr\u00e1tica do futsal (chuteira e caneleira).<br \/>\n<strong>OBSERVA\u00c7\u00c3O!<\/strong> &#8211; De acordo com a Wimpro, caso os interessados\u00a0n\u00e3o compare\u00e7am com os itens citados acima, n\u00e3o\u00a0poder\u00e3o realizar\u00a0as peneiras.<br \/>\n&nbsp;<br \/>\nPor Assessoria FPFS<br \/>\nCom informa\u00e7\u00f5es: Rodrigo Moura\/Wimpro<br \/>\nFoto: Divulga\u00e7\u00e3o<br \/>\n&nbsp;<br \/>\n&nbsp;<br \/>\n&nbsp;<\/p>\n","protected":false},"excerpt":{"rendered":"<p>&nbsp; Visando refor\u00e7ar suas equipes para a disputa do Campeonato Estadual, organizado pela Federa\u00e7\u00e3o Paulista de Futebol de Sal\u00e3o (FPFS),<\/p>\n","protected":false},"author":1,"featured_media":5356,"comment_status":"closed","ping_status":"open","sticky":false,"template":"","format":"standard","meta":{"footnotes":""},"categories":[25,33],"tags":[975,1231,1247,1755,43,2061,2449,2620],"class_list":["post-5409","post","type-post","status-publish","format-standard","has-post-thumbnail","hentry","category-destaques","category-menores","tag-estadual","tag-grupo","tag-guarulhos","tag-novos-talentos","tag-peneiras","tag-reforcar","tag-testes","tag-wimpro"],"_links":{"self":[{"href":"https:\/\/www.federacaopaulistadefutsal.com.br\/novo\/wp-json\/wp\/v2\/posts\/5409","targetHints":{"allow":["GET"]}}],"collection":[{"href":"https:\/\/www.federacaopaulistadefutsal.com.br\/novo\/wp-json\/wp\/v2\/posts"}],"about":[{"href":"https:\/\/www.federacaopaulistadefutsal.com.br\/novo\/wp-json\/wp\/v2\/types\/post"}],"author":[{"embeddable":true,"href":"https:\/\/www.federacaopaulistadefutsal.com.br\/novo\/wp-json\/wp\/v2\/users\/1"}],"replies":[{"embeddable":true,"href":"https:\/\/www.federacaopaulistadefutsal.com.br\/novo\/wp-json\/wp\/v2\/comments?post=5409"}],"version-history":[{"count":0,"href":"https:\/\/www.federacaopaulistadefutsal.com.br\/novo\/wp-json\/wp\/v2\/posts\/5409\/revisions"}],"wp:featuredmedia":[{"embeddable":true,"href":"https:\/\/www.federacaopaulistadefutsal.com.br\/novo\/wp-json\/"}],"wp:attachment":[{"href":"https:\/\/www.federacaopaulistadefutsal.com.br\/novo\/wp-json\/wp\/v2\/media?parent=5409"}],"wp:term":[{"taxonomy":"category","embeddable":true,"href":"https:\/\/www.federacaopaulistadefutsal.com.br\/novo\/wp-json\/wp\/v2\/categories?post=5409"},{"taxonomy":"post_tag","embeddable":true,"href":"https:\/\/www.federacaopaulistadefutsal.com.br\/novo\/wp-json\/wp\/v2\/tags?post=5409"}],"curies":[{"name":"wp","href":"https:\/\/api.w.org\/{rel}","templated":true}]}}