{"id":5471,"date":"2015-07-14T19:00:06","date_gmt":"2015-07-14T19:00:06","guid":{"rendered":"http:\/\/www.federacaopaulistadefutsal.com.br\/?p=5471"},"modified":"2015-07-14T19:00:06","modified_gmt":"2015-07-14T19:00:06","slug":"arqueiro-do-serrana-kleber-grund-completa-mais-um-ano-de-vida","status":"publish","type":"post","link":"https:\/\/www.federacaopaulistadefutsal.com.br\/novo\/arqueiro-do-serrana-kleber-grund-completa-mais-um-ano-de-vida\/","title":{"rendered":"Arqueiro do Serrana, Kleber Grund completa mais um ano de vida"},"content":{"rendered":"<p>&nbsp;<br \/>\nNesta ter\u00e7a-feira (14), o goleiro do Serrana Futsal, Kleber Nascimento Grund, que nasceu em S\u00e3o Paulo-SP, no ano de 1984, completou mais um ano de vida. O arqueiro teve passagens por clubes como Palmeiras, S\u00e3o Paulo\/Barueri, Ribeir\u00e3o Preto e Rio Preto Futsal.<br \/>\nGrund tamb\u00e9m atuou pelo futsal portugu\u00eas, vestindo a camisa do Boticas e Clube Oper\u00e1rio, onde sagrou-se campe\u00e3o da divis\u00e3o de acesso em 2011. No ano de 2013, o atleta paulista defendeu as traves do Maranguape, no Cear\u00e1.<br \/>\nNa \u00faltima temporada, Kleber acertou com o Serrana Futsal, equipe em que conquistou os seguintes t\u00edtulos: Jogos Regionais, Copa EPTV, Copa dos Campe\u00f5es, Copa Record e Trof\u00e9u Piratininga.\u00a0O arqueiro agradece a todos os amigos conseguidos no esporte\u00a0e \u00e0s\u00a0palavras recebidas nesta importante data.<br \/>\nA Federa\u00e7\u00e3o Paulista de Futebol de Sal\u00e3o (FPFS) parabeniza o goleiro\u00a0por seu anivers\u00e1rio e pela vasta carreira nesta modalidade esportiva que move multid\u00f5es de apaixonados: o futsal.<br \/>\n&nbsp;<br \/>\nPor Assessoria FPFS<br \/>\nCom informa\u00e7\u00f5es: FutsalEmPauta.com.br<br \/>\nFoto: Arquivo pessoal\/Kleber Grund<br \/>\n&nbsp;<br \/>\n&nbsp;<br \/>\n&nbsp;<\/p>\n","protected":false},"excerpt":{"rendered":"<p>&nbsp; Nesta ter\u00e7a-feira (14), o goleiro do Serrana Futsal, Kleber Nascimento Grund, que nasceu em S\u00e3o Paulo-SP, no ano de<\/p>\n","protected":false},"author":1,"featured_media":5475,"comment_status":"closed","ping_status":"open","sticky":false,"template":"","format":"standard","meta":{"footnotes":""},"categories":[25,32],"tags":[227,271,642,777,1205,1230,1469,2288],"class_list":["post-5471","post","type-post","status-publish","format-standard","has-post-thumbnail","hentry","category-destaques","category-maiores","tag-aniversario","tag-arqueiro","tag-comemorativa","tag-data","tag-goleiro","tag-grund","tag-kleber","tag-serrana"],"_links":{"self":[{"href":"https:\/\/www.federacaopaulistadefutsal.com.br\/novo\/wp-json\/wp\/v2\/posts\/5471","targetHints":{"allow":["GET"]}}],"collection":[{"href":"https:\/\/www.federacaopaulistadefutsal.com.br\/novo\/wp-json\/wp\/v2\/posts"}],"about":[{"href":"https:\/\/www.federacaopaulistadefutsal.com.br\/novo\/wp-json\/wp\/v2\/types\/post"}],"author":[{"embeddable":true,"href":"https:\/\/www.federacaopaulistadefutsal.com.br\/novo\/wp-json\/wp\/v2\/users\/1"}],"replies":[{"embeddable":true,"href":"https:\/\/www.federacaopaulistadefutsal.com.br\/novo\/wp-json\/wp\/v2\/comments?post=5471"}],"version-history":[{"count":0,"href":"https:\/\/www.federacaopaulistadefutsal.com.br\/novo\/wp-json\/wp\/v2\/posts\/5471\/revisions"}],"wp:featuredmedia":[{"embeddable":true,"href":"https:\/\/www.federacaopaulistadefutsal.com.br\/novo\/wp-json\/"}],"wp:attachment":[{"href":"https:\/\/www.federacaopaulistadefutsal.com.br\/novo\/wp-json\/wp\/v2\/media?parent=5471"}],"wp:term":[{"taxonomy":"category","embeddable":true,"href":"https:\/\/www.federacaopaulistadefutsal.com.br\/novo\/wp-json\/wp\/v2\/categories?post=5471"},{"taxonomy":"post_tag","embeddable":true,"href":"https:\/\/www.federacaopaulistadefutsal.com.br\/novo\/wp-json\/wp\/v2\/tags?post=5471"}],"curies":[{"name":"wp","href":"https:\/\/api.w.org\/{rel}","templated":true}]}}