{"id":5695,"date":"2015-07-30T15:20:23","date_gmt":"2015-07-30T15:20:23","guid":{"rendered":"http:\/\/www.federacaopaulistadefutsal.com.br\/?p=5695"},"modified":"2015-07-30T15:20:23","modified_gmt":"2015-07-30T15:20:23","slug":"apos-eliminar-rival-sao-paulo-corinthians-busca-reverter-trauma-das-semifinais","status":"publish","type":"post","link":"https:\/\/www.federacaopaulistadefutsal.com.br\/novo\/apos-eliminar-rival-sao-paulo-corinthians-busca-reverter-trauma-das-semifinais\/","title":{"rendered":"Ap\u00f3s eliminar rival S\u00e3o Paulo, Corinthians busca reverter &quot;trauma&quot; das semifinais"},"content":{"rendered":"<p>&nbsp;<br \/>\nAp\u00f3s eliminar o rival S\u00e3o Paulo pelas quartas de final da Liga Paulista de Futsal (LPF), o Corinthians concentra as aten\u00e7\u00f5es para o pr\u00f3ximo desafio pelo Estadual: o duelo diante do Sorocaba pela semifinal, time do craque Falc\u00e3o, e atual campe\u00e3o estadual e brasileiro. O Tim\u00e3o vive\u00a0um &#8220;carma&#8221;, pois, em suas \u00faltimas cinco atua\u00e7\u00f5es pela Liga Nacional, ficou para tr\u00e1s nesta mesma fase, o que tamb\u00e9m aconteceu no Paulista, mas na temporada passada.<br \/>\nSimi, um dos l\u00edderes do alvinegro, quer virar tais p\u00e1ginas e fazer o Corinthians alcan\u00e7ar\u00a0seus objetivos, explicados por avan\u00e7ar nas competi\u00e7\u00f5es e, consequentemente, conquistar t\u00edtulos.<strong> &#8220;Temos de esquecer aquilo que passou. Claro que foi muito do\u00eddo da forma que foi, mas a equipe foi reformulada. Estamos fazendo um bom trabalho, \u00e9 um ano novo. Espero que este ano a gente possa conseguir a vaga para a t\u00e3o sonhada final&#8221;, declarou o piv\u00f4.\u00a0<\/strong><br \/>\n<strong>&#8220;Uma equipe \u00e9 a atual campe\u00e3 da Liga Nacional, contra o Corinthians, que foi montado para vencer. S\u00e3o duas grandes equipes, com grandes jogadores. \u00c9 esperar tr\u00eas grandes jogos, porque os enfrentamos tamb\u00e9m na pr\u00f3xima rodada da Liga Nacional. Pode se esperar grandes jogos e bem abertos, porque as duas equipes jogam para frente&#8221;, completou\u00a0o camisa 11 da equipe do Parque S\u00e3o Jorge.<\/strong><br \/>\nA \u00faltima conquista do Corinthians pela Liga Paulista aconteceu na temporada 2013 e, no ano passado, os alvinegros foram eliminados pela ADC Intelli\/Orl\u00e2ndia na semifinal; al\u00e9m de elimina\u00e7\u00e3o para os orlandinos no Nacional tamb\u00e9m na mesma fase dos mata-matas. Nas ocasi\u00f5es, \u00e0 \u00e9poca, Guitta defendia as cores gren\u00e1 e branca do Orl\u00e2ndia e, desta vez, como goleiro do Tim\u00e3o, mostra o que deve ser feito para superar a equipe sorocabana, de Falc\u00e3o e cia.<br \/>\n<strong>&#8220;Parece uma sina do Corinthians, mas vamos nos concentrar e fazer o melhor poss\u00edvel dentro do jogo para ir a essa final&#8221;, afirmou o arqueiro corintiano, campe\u00e3o mundial pela Sele\u00e7\u00e3o brasileira, em 2012.\u00a0<\/strong><br \/>\nEm duas oportunidades, Corinthians e Sorocaba se confrontaram na atual temporada, ambos venceram o rival por goleada. Na primeira fase da Liga Nacional, o time do Parque S\u00e3o Jorge, atuando em casa, goleou por 6 a 1; j\u00e1 no Estadual, os sorocabanos bateram o advers\u00e1rio de S\u00e3o Paulo por 4 a 0, jogando no interior; Deives, ala corintiano, falou como o grupo deve se portar, e da import\u00e2ncia e for\u00e7a da torcida alvinegra neste momento:<br \/>\n<strong>&#8220;Sabemos da nossa responsabilidade, mas temos de procurar jogar com alegria, jogar leve, porque assim est\u00e1 sendo o ano, e as coisas est\u00e3o acontecendo muito bem para a gente. Se a gente jogar tranquilo, com a cabe\u00e7a boa, as coisas v\u00e3o acontecer naturalmente. O torcedor est\u00e1 muito sedento, a gente sente isso, e acaba nos ajudando ainda mais. Vamos procurar entrar muito concentrados nessas finais para entrar na hist\u00f3ria desse clube&#8221;, declarou o atleta. \u00a0<\/strong><br \/>\nNa pr\u00f3xima segunda-feira (03), o Corinthians joga contra o Sorocaba, \u00e0s 19h15, nos dom\u00ednios do advers\u00e1rio, em partida v\u00e1lida pela Liga Nacional. Pela semifinal do Estadual, as datas dos primeiros confrontos ainda n\u00e3o foram definidas, mas, provavelmente, devem ser programadas \u00e0 semana que vem.<br \/>\n&nbsp;<br \/>\nPor Assessoria FPFS<br \/>\nCom informa\u00e7\u00f5es: SporTV.globo.com<br \/>\nFoto: Divulga\u00e7\u00e3o<br \/>\n&nbsp;<br \/>\n&nbsp;<br \/>\n&nbsp;<br \/>\n&nbsp;<br \/>\n&nbsp;<\/p>\n","protected":false},"excerpt":{"rendered":"<p>&nbsp; Ap\u00f3s eliminar o rival S\u00e3o Paulo pelas quartas de final da Liga Paulista de Futsal (LPF), o Corinthians concentra<\/p>\n","protected":false},"author":1,"featured_media":5459,"comment_status":"closed","ping_status":"open","sticky":false,"template":"","format":"standard","meta":{"footnotes":""},"categories":[25,30,31,32],"tags":[734,801,975,1019,1252,1546,1556,1709,1835,2207,2264,2308,2325],"class_list":["post-5695","post","type-post","status-publish","format-standard","has-post-thumbnail","hentry","category-destaques","category-liga-nacional-de-futsal","category-liga-paulista-de-futsal","category-maiores","tag-corinthians","tag-deives","tag-estadual","tag-falcao","tag-guitta","tag-lnf","tag-lpf","tag-nacional","tag-paulista","tag-sao-paulo","tag-semifinal","tag-simi","tag-sorocaba"],"_links":{"self":[{"href":"https:\/\/www.federacaopaulistadefutsal.com.br\/novo\/wp-json\/wp\/v2\/posts\/5695","targetHints":{"allow":["GET"]}}],"collection":[{"href":"https:\/\/www.federacaopaulistadefutsal.com.br\/novo\/wp-json\/wp\/v2\/posts"}],"about":[{"href":"https:\/\/www.federacaopaulistadefutsal.com.br\/novo\/wp-json\/wp\/v2\/types\/post"}],"author":[{"embeddable":true,"href":"https:\/\/www.federacaopaulistadefutsal.com.br\/novo\/wp-json\/wp\/v2\/users\/1"}],"replies":[{"embeddable":true,"href":"https:\/\/www.federacaopaulistadefutsal.com.br\/novo\/wp-json\/wp\/v2\/comments?post=5695"}],"version-history":[{"count":0,"href":"https:\/\/www.federacaopaulistadefutsal.com.br\/novo\/wp-json\/wp\/v2\/posts\/5695\/revisions"}],"wp:featuredmedia":[{"embeddable":true,"href":"https:\/\/www.federacaopaulistadefutsal.com.br\/novo\/wp-json\/"}],"wp:attachment":[{"href":"https:\/\/www.federacaopaulistadefutsal.com.br\/novo\/wp-json\/wp\/v2\/media?parent=5695"}],"wp:term":[{"taxonomy":"category","embeddable":true,"href":"https:\/\/www.federacaopaulistadefutsal.com.br\/novo\/wp-json\/wp\/v2\/categories?post=5695"},{"taxonomy":"post_tag","embeddable":true,"href":"https:\/\/www.federacaopaulistadefutsal.com.br\/novo\/wp-json\/wp\/v2\/tags?post=5695"}],"curies":[{"name":"wp","href":"https:\/\/api.w.org\/{rel}","templated":true}]}}