{"id":5716,"date":"2015-07-31T23:50:03","date_gmt":"2015-07-31T23:50:03","guid":{"rendered":"http:\/\/www.federacaopaulistadefutsal.com.br\/?p=5716"},"modified":"2015-07-31T23:50:03","modified_gmt":"2015-07-31T23:50:03","slug":"em-busca-da-classificacao-menores-da-a-a-fib-entram-em-quadra-pelo-estadual","status":"publish","type":"post","link":"https:\/\/www.federacaopaulistadefutsal.com.br\/novo\/em-busca-da-classificacao-menores-da-a-a-fib-entram-em-quadra-pelo-estadual\/","title":{"rendered":"Em busca da classifica\u00e7\u00e3o, menores da A.A. FIB entram em quadra pelo Estadual"},"content":{"rendered":"<p>&nbsp;<br \/>\nAp\u00f3s ficarem sem atuar pela S\u00e9rie A3 do Campeonato Paulista, promovida pela Federa\u00e7\u00e3o Paulista de Futebol de Sal\u00e3o (FPFS), no m\u00eas de junho, as categorias de menores da Associa\u00e7\u00e3o Atl\u00e9tica FIB jogam no gin\u00e1sio Duduz\u00e3o, no campus das Faculdades Integradas de Bauru (FIB), neste s\u00e1bado (01), para buscarem\u00a0a classifica\u00e7\u00e3o \u00e0 segunda fase da competi\u00e7\u00e3o estadual.<br \/>\nOs bauruenses far\u00e3o jogos em tr\u00eas categorias.\u00a0Na primeira partida, marcada para \u00e0s 15h00 horas, o elenco sub-10 da A.A. FIB encara o Mundo Bola, do munic\u00edpio de Catanduva-SP, na sequ\u00eancia, as equipes repetem o confronto na categoria sub-12 e, fechando a rodada, os garotos do sub-17 recebem o Planeta Sport, da cidade de Ara\u00e7atuba-SP. A torcida ter\u00e1 entrada gratuita no local das partidas.<br \/>\n<strong>\u201cTivemos um m\u00eas para nos preparar para essa rodada do Paulista e aproveitamos ao m\u00e1ximo. Tenho certeza que vamos conseguir alcan\u00e7ar nosso objetivo, que \u00e9 classificar todas as equipes menores para a segunda fase\u201d, disse Henrique Salcedo, o &#8216;Quick&#8217;, treinador das categorias sub-10 e 12.<\/strong><br \/>\nO time bauruense\u00a0j\u00e1 conquistou a vaga no sub-10 e precisa de uma vit\u00f3ria em dois jogos para assegurar a classifica\u00e7\u00e3o pelo sub-12; j\u00e1 o elenco sub-17, tem que derrotar o Planeta Sport para assumir a lideran\u00e7a do grupo B antes da rodada final, o time de Ara\u00e7atuba-SP tem seis\u00a0pontos ganhos, contra tr\u00eas\u00a0da equipe de Bauru-SP.<br \/>\nOs bauruenses tamb\u00e9m est\u00e3o classificados na categoria sub-16 e precisam ter 100% de aproveitamento nas duas \u00faltimas rodadas da primeira fase para avan\u00e7arem no sub-14. Para a disputa do certame estadual, a A.A. FIB firmou uma parceria com a Associa\u00e7\u00e3o Atl\u00e9tica Esporte e Vida, tamb\u00e9m do munic\u00edpio interiorano.<br \/>\n&nbsp;<br \/>\nPor Assessoria FPFS<br \/>\nCom informa\u00e7\u00f5es e foto: Rafael Peloso\/A.A. FIB<\/p>\n","protected":false},"excerpt":{"rendered":"<p>&nbsp; Ap\u00f3s ficarem sem atuar pela S\u00e9rie A3 do Campeonato Paulista, promovida pela Federa\u00e7\u00e3o Paulista de Futebol de Sal\u00e3o (FPFS),<\/p>\n","protected":false},"author":1,"featured_media":5717,"comment_status":"closed","ping_status":"open","sticky":false,"template":"","format":"standard","meta":{"footnotes":""},"categories":[20,29,33],"tags":[99,125,367,975,42,1643,1835,2022,2168],"class_list":["post-5716","post","type-post","status-publish","format-standard","has-post-thumbnail","hentry","category-a3-estadual-menores","category-interior","category-menores","tag-a-a-fib","tag-a3","tag-bauru","tag-estadual","tag-fpfs","tag-menores-2","tag-paulista","tag-quick","tag-salcedo"],"_links":{"self":[{"href":"https:\/\/www.federacaopaulistadefutsal.com.br\/novo\/wp-json\/wp\/v2\/posts\/5716","targetHints":{"allow":["GET"]}}],"collection":[{"href":"https:\/\/www.federacaopaulistadefutsal.com.br\/novo\/wp-json\/wp\/v2\/posts"}],"about":[{"href":"https:\/\/www.federacaopaulistadefutsal.com.br\/novo\/wp-json\/wp\/v2\/types\/post"}],"author":[{"embeddable":true,"href":"https:\/\/www.federacaopaulistadefutsal.com.br\/novo\/wp-json\/wp\/v2\/users\/1"}],"replies":[{"embeddable":true,"href":"https:\/\/www.federacaopaulistadefutsal.com.br\/novo\/wp-json\/wp\/v2\/comments?post=5716"}],"version-history":[{"count":0,"href":"https:\/\/www.federacaopaulistadefutsal.com.br\/novo\/wp-json\/wp\/v2\/posts\/5716\/revisions"}],"wp:featuredmedia":[{"embeddable":true,"href":"https:\/\/www.federacaopaulistadefutsal.com.br\/novo\/wp-json\/"}],"wp:attachment":[{"href":"https:\/\/www.federacaopaulistadefutsal.com.br\/novo\/wp-json\/wp\/v2\/media?parent=5716"}],"wp:term":[{"taxonomy":"category","embeddable":true,"href":"https:\/\/www.federacaopaulistadefutsal.com.br\/novo\/wp-json\/wp\/v2\/categories?post=5716"},{"taxonomy":"post_tag","embeddable":true,"href":"https:\/\/www.federacaopaulistadefutsal.com.br\/novo\/wp-json\/wp\/v2\/tags?post=5716"}],"curies":[{"name":"wp","href":"https:\/\/api.w.org\/{rel}","templated":true}]}}