{"id":5774,"date":"2015-08-05T19:40:26","date_gmt":"2015-08-05T19:40:26","guid":{"rendered":"http:\/\/www.federacaopaulistadefutsal.com.br\/?p=5774"},"modified":"2015-08-05T19:40:26","modified_gmt":"2015-08-05T19:40:26","slug":"sao-jose-treina-e-se-prepara-para-encarar-orlandia-pela-semifinal-da-liga-paulista","status":"publish","type":"post","link":"https:\/\/www.federacaopaulistadefutsal.com.br\/novo\/sao-jose-treina-e-se-prepara-para-encarar-orlandia-pela-semifinal-da-liga-paulista\/","title":{"rendered":"S\u00e3o Jos\u00e9 treina e se prepara para encarar Orl\u00e2ndia pela semifinal da Liga Paulista"},"content":{"rendered":"<p>&nbsp;<br \/>\nPor conta de fazer bons jogos e regular campanha na Liga Paulista de Futsal (LPF), o S\u00e3o Jos\u00e9 chega \u00e0 semifinal para encarar a ADC Intelli\/Orl\u00e2ndia, que teve a melhor coloca\u00e7\u00e3o na primeira fase do Estadual. Nesta quinta-feira (06), os joseenses jogam em casa, no gin\u00e1sio do T\u00eanis Clube, \u00e0s 19h00, diante dos orlandinos, pelo primeiro duelo do &#8220;mata-mata&#8221; entre as equipes interioranas; al\u00e9m delas, Corinthians e Sorocaba lutam por uma vaga na decis\u00e3o.<br \/>\nPor conta de disputar competi\u00e7\u00f5es simultaneamente ao longo da temporada, o S\u00e3o Jos\u00e9 n\u00e3o conseguia treinar constantemente, por\u00e9m, desta vez, o time do t\u00e9cnico Ivan Gomes, gra\u00e7as \u00e0 semana de pausa do Paulista, teve tempo para realizar treinamentos visando o confronto diante da Intelli. De acordo com a comiss\u00e3o t\u00e9cnica, o preparo f\u00edsico dos atletas, pelo menos para o jogo da semifinal, j\u00e1 ser\u00e1 melhor que em confrontos anteriores.<br \/>\nAl\u00e9m do fato da equipe de S\u00e3o Jos\u00e9 dos Campos-SP ter tido tempo h\u00e1bil para treinar, os joseenses contar\u00e3o com o retorno de alguns jogadores que, por conta de les\u00f5es, n\u00e3o atuavam com as cores do time azul e amarelo. Os alas Jhow e Felipinho, por exemplo, treinaram com os demais atletas do grupo joseense e est\u00e3o \u00e0 disposi\u00e7\u00e3o do treinador para o confronto frente ao Orl\u00e2ndia.<br \/>\n<strong>&#8221;Estou muito feliz por estar de volta e sem receios por conta da les\u00e3o. Meus companheiros, que nos trouxeram at\u00e9 aqui, e, agora que posso, vou retribuir com o que estiver ao meu alcance: vontade, garra e, quem sabe, algum gol pra ajudar nesse importante jogo&#8221;, disse Felipinho.\u00a0<\/strong><br \/>\nPara a partida contra os orlandinos, a diretoria do S\u00e3o Jos\u00e9 Futsal anuncia venda de ingressos por R$ 10,00 reais ou, ainda, R$ 5,00 + 1kg de alimento n\u00e3o perec\u00edvel, que ser\u00e1 revertido para o Fundo Social de S\u00e3o Jos\u00e9 dos Campos-SP. Os joseenses poder\u00e3o, tamb\u00e9m, concorrer \u00e0 camisa da equipe no intervalo do jogo; torcedores que mais comparecerem \u00e0s partidas do clube\u00a0do Vale do Para\u00edba, podem ganhar at\u00e9 5 mantos, um de cada cor, do time interiorano, conforme promo\u00e7\u00e3o elaborada pela dire\u00e7\u00e3o da equipe.<br \/>\n&nbsp;<br \/>\nPor Assessoria FPFS<br \/>\nCom informa\u00e7\u00f5es: Brenno Domingues\/Quarttus Marketing<br \/>\nFoto: Quarttus Marketing<br \/>\n&nbsp;<br \/>\n&nbsp;<br \/>\n&nbsp;<\/p>\n","protected":false},"excerpt":{"rendered":"<p>&nbsp; Por conta de fazer bons jogos e regular campanha na Liga Paulista de Futsal (LPF), o S\u00e3o Jos\u00e9 chega<\/p>\n","protected":false},"author":1,"featured_media":5775,"comment_status":"closed","ping_status":"open","sticky":false,"template":"","format":"standard","meta":{"footnotes":""},"categories":[31,32],"tags":[975,1043,1374,1401,1789,1835,2201,2264,2489],"class_list":["post-5774","post","type-post","status-publish","format-standard","has-post-thumbnail","hentry","category-liga-paulista-de-futsal","category-maiores","tag-estadual","tag-felipinho","tag-ivan-gomes","tag-jhow","tag-orlandia","tag-paulista","tag-sao-jose-futsal","tag-semifinal","tag-treinamentos"],"_links":{"self":[{"href":"https:\/\/www.federacaopaulistadefutsal.com.br\/novo\/wp-json\/wp\/v2\/posts\/5774","targetHints":{"allow":["GET"]}}],"collection":[{"href":"https:\/\/www.federacaopaulistadefutsal.com.br\/novo\/wp-json\/wp\/v2\/posts"}],"about":[{"href":"https:\/\/www.federacaopaulistadefutsal.com.br\/novo\/wp-json\/wp\/v2\/types\/post"}],"author":[{"embeddable":true,"href":"https:\/\/www.federacaopaulistadefutsal.com.br\/novo\/wp-json\/wp\/v2\/users\/1"}],"replies":[{"embeddable":true,"href":"https:\/\/www.federacaopaulistadefutsal.com.br\/novo\/wp-json\/wp\/v2\/comments?post=5774"}],"version-history":[{"count":0,"href":"https:\/\/www.federacaopaulistadefutsal.com.br\/novo\/wp-json\/wp\/v2\/posts\/5774\/revisions"}],"wp:featuredmedia":[{"embeddable":true,"href":"https:\/\/www.federacaopaulistadefutsal.com.br\/novo\/wp-json\/"}],"wp:attachment":[{"href":"https:\/\/www.federacaopaulistadefutsal.com.br\/novo\/wp-json\/wp\/v2\/media?parent=5774"}],"wp:term":[{"taxonomy":"category","embeddable":true,"href":"https:\/\/www.federacaopaulistadefutsal.com.br\/novo\/wp-json\/wp\/v2\/categories?post=5774"},{"taxonomy":"post_tag","embeddable":true,"href":"https:\/\/www.federacaopaulistadefutsal.com.br\/novo\/wp-json\/wp\/v2\/tags?post=5774"}],"curies":[{"name":"wp","href":"https:\/\/api.w.org\/{rel}","templated":true}]}}