{"id":5791,"date":"2015-08-06T17:00:37","date_gmt":"2015-08-06T17:00:37","guid":{"rendered":"http:\/\/www.federacaopaulistadefutsal.com.br\/?p=5791"},"modified":"2015-08-06T17:00:37","modified_gmt":"2015-08-06T17:00:37","slug":"cbfs-divulga-convocacao-de-atletas-de-clubes-paulistas-para-copa-america","status":"publish","type":"post","link":"https:\/\/www.federacaopaulistadefutsal.com.br\/novo\/cbfs-divulga-convocacao-de-atletas-de-clubes-paulistas-para-copa-america\/","title":{"rendered":"CBFS divulga convoca\u00e7\u00e3o de atletas de clubes paulistas para Copa Am\u00e9rica"},"content":{"rendered":"<p>&nbsp;<br \/>\nEntre os dias 23 e 30 de agosto, acontece a Copa Am\u00e9rica de Futsal, que marcar\u00e1 o retorno da Sele\u00e7\u00e3o brasileira \u00e0s quadras, ap\u00f3s um grupo de 50 atletas, liderados por Falc\u00e3o, se reconciliarem com a Confedera\u00e7\u00e3o Brasileira de Futebol de Sal\u00e3o (CBFS). Para a disputa do principal torneio das Am\u00e9ricas, S\u00e9rgio Luiz Schiochet, t\u00e9cnico de Brasil e Sorocaba, convocou doze\u00a0atletas, que jogam pelos seguintes clubes\u00a0da FPFS: Corinthians, Orl\u00e2ndia e Sorocaba; confira abaixo a lista de jogadores escolhidos por Serginho:<br \/>\n<strong>Corinthians &#8211;<\/strong> Arthur Guilherme de Sousa Fortunato, Dovenir Domingues Neto (Neto), Leandro Simi e Thiago Mendes Rocha (Guitta).<br \/>\n<strong>Orl\u00e2ndia &#8211;<\/strong>\u00a0Diego Henrique de Abreu (Dieguinho), Fabr\u00edcio Bastezini (Gadeia), Jackson Van Riel Dalcanal e Jeferson Rodrigues de Brito (Ci\u00e7o).<br \/>\n<strong>Sorocaba &#8211;<\/strong>\u00a0Alessandro Rosa Vieira (Falc\u00e3o), Luis Fernando Coelho Saydel (Xuxa), Rodrigo Hardy Ara\u00fajo e Tiago de Melo Marinho.<br \/>\nA CBFS informa que, a apresenta\u00e7\u00e3o dos atletas \u00e0 Sele\u00e7\u00e3o, dever\u00e1 acontecer no dia 20 de agosto, quinta-feira, em S\u00e3o Paulo-SP, e o desligamento em 30\/08. A Federa\u00e7\u00e3o Paulista de Futebol de Sal\u00e3o (FPFS) informa que, em breve, divulgar\u00e1 a lista completa de jogadores\u00a0convocados \u00e0 Sele\u00e7\u00e3o.<br \/>\n<strong>Lista completa:<br \/>\n<span style=\"color: #008000;\">Comiss\u00e3o<\/span><\/strong><br \/>\nDiretor da Sele\u00e7\u00e3o &#8211; D\u00e1rcio Castro<br \/>\nSupervisor &#8211; Reinaldo Sim\u00f5es<br \/>\nT\u00e9cnico &#8211; S\u00e9rgio Schiochet<br \/>\nPreparador F\u00edsico &#8211; Jo\u00e3o Romano<br \/>\nM\u00e9dico &#8211; Rodrigo Alves Montiel<br \/>\nFisioterapeuta &#8211; Kleber Barb\u00e3o<br \/>\nTreinador de Goleiros &#8211; Tomate<br \/>\nMassoterapeuta &#8211; Airton Alves<br \/>\n<strong><span style=\"color: #008000;\">Convocados<\/span> <\/strong><br \/>\nGoleiros &#8211; Guitta (Corinthians), Tiago (Brasil Kirin), Gian (Carlos Barbosa);<br \/>\nFixos &#8211; Ci\u00e7o (Intelli), Neto (Corinthians), Rodrigo (Brasil Kirin);<br \/>\nAlas &#8211; Gadeia (Intelli), Arthur (Corinthians), Jackson (Intelli), Xuxa (Brasil Kirin), Falc\u00e3o (Brasil Kirin);<br \/>\nPiv\u00f4s &#8211; Simi (Corinthians), Pito (Carlos Barbosa), Dieguinho (Intelli).<strong><br \/>\n<\/strong><br \/>\nPor Assessoria FPFS<br \/>\nCom informa\u00e7\u00f5es: CBFS<br \/>\nArte: FPFS<br \/>\n&nbsp;<br \/>\n&nbsp;<br \/>\n&nbsp;<\/p>\n","protected":false},"excerpt":{"rendered":"<p>&nbsp; Entre os dias 23 e 30 de agosto, acontece a Copa Am\u00e9rica de Futsal, que marcar\u00e1 o retorno da<\/p>\n","protected":false},"author":1,"featured_media":5794,"comment_status":"closed","ping_status":"open","sticky":false,"template":"","format":"standard","meta":{"footnotes":""},"categories":[25,32,35],"tags":[310,419,422,563,629,696,734,1789,1841,2239,2270,2325],"class_list":["post-5791","post","type-post","status-publish","format-standard","has-post-thumbnail","hentry","category-destaques","category-maiores","category-selecao","tag-atletas","tag-brasil","tag-brasileira","tag-cbfs","tag-clubes","tag-convocacao","tag-corinthians","tag-orlandia","tag-paulistas","tag-selecao","tag-serginho","tag-sorocaba"],"_links":{"self":[{"href":"https:\/\/www.federacaopaulistadefutsal.com.br\/novo\/wp-json\/wp\/v2\/posts\/5791","targetHints":{"allow":["GET"]}}],"collection":[{"href":"https:\/\/www.federacaopaulistadefutsal.com.br\/novo\/wp-json\/wp\/v2\/posts"}],"about":[{"href":"https:\/\/www.federacaopaulistadefutsal.com.br\/novo\/wp-json\/wp\/v2\/types\/post"}],"author":[{"embeddable":true,"href":"https:\/\/www.federacaopaulistadefutsal.com.br\/novo\/wp-json\/wp\/v2\/users\/1"}],"replies":[{"embeddable":true,"href":"https:\/\/www.federacaopaulistadefutsal.com.br\/novo\/wp-json\/wp\/v2\/comments?post=5791"}],"version-history":[{"count":0,"href":"https:\/\/www.federacaopaulistadefutsal.com.br\/novo\/wp-json\/wp\/v2\/posts\/5791\/revisions"}],"wp:featuredmedia":[{"embeddable":true,"href":"https:\/\/www.federacaopaulistadefutsal.com.br\/novo\/wp-json\/"}],"wp:attachment":[{"href":"https:\/\/www.federacaopaulistadefutsal.com.br\/novo\/wp-json\/wp\/v2\/media?parent=5791"}],"wp:term":[{"taxonomy":"category","embeddable":true,"href":"https:\/\/www.federacaopaulistadefutsal.com.br\/novo\/wp-json\/wp\/v2\/categories?post=5791"},{"taxonomy":"post_tag","embeddable":true,"href":"https:\/\/www.federacaopaulistadefutsal.com.br\/novo\/wp-json\/wp\/v2\/tags?post=5791"}],"curies":[{"name":"wp","href":"https:\/\/api.w.org\/{rel}","templated":true}]}}