{"id":5823,"date":"2015-08-08T12:00:28","date_gmt":"2015-08-08T12:00:28","guid":{"rendered":"http:\/\/www.federacaopaulistadefutsal.com.br\/?p=5823"},"modified":"2015-08-08T12:00:28","modified_gmt":"2015-08-08T12:00:28","slug":"oportunity-futsal-de-braganca-paulista-sp-estreia-pelo-campeonato-paulista-de-menores","status":"publish","type":"post","link":"https:\/\/www.federacaopaulistadefutsal.com.br\/novo\/oportunity-futsal-de-braganca-paulista-sp-estreia-pelo-campeonato-paulista-de-menores\/","title":{"rendered":"Oportunity Futsal, de Bragan\u00e7a Paulista-SP, estreia pelo Campeonato Paulista de menores"},"content":{"rendered":"<p>&nbsp;<br \/>\nA Federa\u00e7\u00e3o Paulista de Futebol de Sal\u00e3o (FPFS) divulgou a tabela oficial do Campeonato Paulista de menores. O Oportunity\/Integral\/Bragan\u00e7a est\u00e1 na chave B, ao lado de Franco da Rocha, Santo Andr\u00e9, Praia Grande\/Ocian, IFA Futsal, Vila Ema, Instituto Fam\u00edlia Futsal, A.D. Embu Gua\u00e7u, Mogiano\/Vila Santista, A.D. Indaiatubana, Caieiras e Clube Comercial de Lorena.<br \/>\nA estreia da equipe de Bragan\u00e7a Paulista-SP ser\u00e1 contra Franco da Rocha, dia 15 de agosto, \u00e0s 14h00, jogando fora de casa.\u00a0Os bragantinos disputar\u00e3o a competi\u00e7\u00e3o nas categorias sub-10, 12, 14, 16 e 17.\u00a0O Oportunity conquistou o Campeonato Paulista tr\u00eas vezes:\u00a0em 2011, com o time sub-15 (invicto), em 2012, pela categoria sub-13 e, em 2013, com o\u00a0sub-17, al\u00e9m de t\u00edtulo metropolitano vencido pelo sub-11, no ano de\u00a02010.<br \/>\nEm recentes participa\u00e7\u00f5es dos bragantinos nas quadras, que aconteceram no primeiro semestre,\u00a0a equipe sub-16 chegou \u00e0s quartas-de-final do Metropolitano, os times sub-12 e 17 tamb\u00e9m conquistaram vaga\u00a0\u00e0 segunda fase, parando nas oitavas-de-final, e, as categorias\u00a0sub-10 e 14, apesar de n\u00e3o terem passado da primeira etapa da competi\u00e7\u00e3o, de acordo com a\u00a0comiss\u00e3o t\u00e9cnica do Oportunity, evolu\u00edram tecnicamente.\u00a0Para a delega\u00e7\u00e3o que representar\u00e1 Bragan\u00e7a Paulista-SP no torneio estadual, as expectativas s\u00e3o as\u00a0melhores, tendo em vista que as bases foram mantidas.<br \/>\n&nbsp;<br \/>\nPor Assessoria FPFS<br \/>\nCom informa\u00e7\u00f5es: Assessoria de Imprensa\/Oportunity Futsal<br \/>\nFoto: Divulga\u00e7\u00e3o<\/p>\n","protected":false},"excerpt":{"rendered":"<p>&nbsp; A Federa\u00e7\u00e3o Paulista de Futebol de Sal\u00e3o (FPFS) divulgou a tabela oficial do Campeonato Paulista de menores. O Oportunity\/Integral\/Bragan\u00e7a<\/p>\n","protected":false},"author":1,"featured_media":5824,"comment_status":"closed","ping_status":"open","sticky":false,"template":"","format":"standard","meta":{"footnotes":""},"categories":[29,33],"tags":[413,414,987,42,1643,1780,1835],"class_list":["post-5823","post","type-post","status-publish","format-standard","has-post-thumbnail","hentry","category-interior","category-menores","tag-braganca","tag-braganca-paulista","tag-estreia","tag-fpfs","tag-menores-2","tag-oportunity","tag-paulista"],"_links":{"self":[{"href":"https:\/\/www.federacaopaulistadefutsal.com.br\/novo\/wp-json\/wp\/v2\/posts\/5823","targetHints":{"allow":["GET"]}}],"collection":[{"href":"https:\/\/www.federacaopaulistadefutsal.com.br\/novo\/wp-json\/wp\/v2\/posts"}],"about":[{"href":"https:\/\/www.federacaopaulistadefutsal.com.br\/novo\/wp-json\/wp\/v2\/types\/post"}],"author":[{"embeddable":true,"href":"https:\/\/www.federacaopaulistadefutsal.com.br\/novo\/wp-json\/wp\/v2\/users\/1"}],"replies":[{"embeddable":true,"href":"https:\/\/www.federacaopaulistadefutsal.com.br\/novo\/wp-json\/wp\/v2\/comments?post=5823"}],"version-history":[{"count":0,"href":"https:\/\/www.federacaopaulistadefutsal.com.br\/novo\/wp-json\/wp\/v2\/posts\/5823\/revisions"}],"wp:featuredmedia":[{"embeddable":true,"href":"https:\/\/www.federacaopaulistadefutsal.com.br\/novo\/wp-json\/"}],"wp:attachment":[{"href":"https:\/\/www.federacaopaulistadefutsal.com.br\/novo\/wp-json\/wp\/v2\/media?parent=5823"}],"wp:term":[{"taxonomy":"category","embeddable":true,"href":"https:\/\/www.federacaopaulistadefutsal.com.br\/novo\/wp-json\/wp\/v2\/categories?post=5823"},{"taxonomy":"post_tag","embeddable":true,"href":"https:\/\/www.federacaopaulistadefutsal.com.br\/novo\/wp-json\/wp\/v2\/tags?post=5823"}],"curies":[{"name":"wp","href":"https:\/\/api.w.org\/{rel}","templated":true}]}}