{"id":5848,"date":"2015-08-12T15:00:56","date_gmt":"2015-08-12T15:00:56","guid":{"rendered":"http:\/\/www.federacaopaulistadefutsal.com.br\/?p=5848"},"modified":"2015-08-12T15:00:56","modified_gmt":"2015-08-12T15:00:56","slug":"orlandia-faz-as-pazes-com-vitoria-e-bate-jaragua-pela-liga-nacional","status":"publish","type":"post","link":"https:\/\/www.federacaopaulistadefutsal.com.br\/novo\/orlandia-faz-as-pazes-com-vitoria-e-bate-jaragua-pela-liga-nacional\/","title":{"rendered":"Orl\u00e2ndia faz as &quot;pazes&quot; com vit\u00f3ria, e bate Jaragu\u00e1 pela Liga Nacional"},"content":{"rendered":"<p>&nbsp;<br \/>\nA ADC Intelli\/Orl\u00e2ndia fez as pazes com a vit\u00f3ria nesta ter\u00e7a-feira (11), ap\u00f3s vencer o Jaragu\u00e1, de Santa Catarina, pela Liga Nacional de Futsal (LNF), pelo placar de 5 a 2, e com atua\u00e7\u00e3o convincente. Matheus marcou duas vezes no primeiro tempo e, na etapa final, completaram o placar: Jackson, Renan e Cabreuva. Para o time catarinense, Augusto e Henrique foram para a rede.<br \/>\nMesmo considerada por muitos que a acompanharam como uma partida &#8220;tranquila&#8221; entre os advers\u00e1rios da noite de ontem (ter\u00e7a-feira, 11), ainda sim, restando somente quatro minutos para o t\u00e9rmino do jogo, o fixo Ci\u00e7o, da equipe orlandina, se envolveu em confus\u00e3o e foi expulso do duelo. Com um a mais em quadra, o time do Sul marcou o primeiro e, na sequ\u00eancia ao gol, fez novamente, com a Intelli j\u00e1 atuando com cinco jogadores; rea\u00e7\u00e3o que pararia por a\u00ed.<br \/>\nOs catarinenses pressionaram, mas, Cabre\u00fava, aproveitando sa\u00edda de bola errada do goleiro-linha advers\u00e1rio, sacramentou a vit\u00f3ria do Orl\u00e2ndia\u00a0por 5 a 2, a terceira nesta segunda fase do\u00a0Nacional, com\u00a0nove pontos ganhos em cinco jogos. Com\u00a0tr\u00eas vit\u00f3rias e duas derrotas na atual etapa\u00a0da competi\u00e7\u00e3o, os orlandinos assumiram\u00a0a vice-lideran\u00e7a do grupo A, atr\u00e1s apenas do\u00a0Joinville, com dez pontos; o Jaragu\u00e1 est\u00e1 na quarta coloca\u00e7\u00e3o, com oito.<br \/>\nA ADC Intelli\/Orl\u00e2ndia retorna \u00e0 quadra pela Liga Nacional de Futsal (LNF) na \u00a0pr\u00f3xima segunda-feira (17), contra a Lajeadense, fora de casa; antes, enfrenta o S\u00e3o Jos\u00e9, em seus dom\u00ednios, no confronto de volta da semifinal do Estadual, que\u00a0acontece a partir das 20h00.<br \/>\n&nbsp;<br \/>\nPor Assessoria FPFS<br \/>\nCom informa\u00e7\u00f5es: Carlos Silva\/ADC Intelli<br \/>\nFoto: M\u00e1rcio Dami\u00e3o<br \/>\n&nbsp;<br \/>\n&nbsp;<br \/>\n&nbsp;<\/p>\n","protected":false},"excerpt":{"rendered":"<p>&nbsp; A ADC Intelli\/Orl\u00e2ndia fez as pazes com a vit\u00f3ria nesta ter\u00e7a-feira (11), ap\u00f3s vencer o Jaragu\u00e1, de Santa Catarina,<\/p>\n","protected":false},"author":1,"featured_media":5849,"comment_status":"closed","ping_status":"open","sticky":false,"template":"","format":"standard","meta":{"footnotes":""},"categories":[30,32],"tags":[171,447,593,1391,1546,1709,1789,1845,2603],"class_list":["post-5848","post","type-post","status-publish","format-standard","has-post-thumbnail","hentry","category-liga-nacional-de-futsal","category-maiores","tag-adc-intelli","tag-cabreuva","tag-cico","tag-jaragua","tag-lnf","tag-nacional","tag-orlandia","tag-pazes","tag-vitoria"],"_links":{"self":[{"href":"https:\/\/www.federacaopaulistadefutsal.com.br\/novo\/wp-json\/wp\/v2\/posts\/5848","targetHints":{"allow":["GET"]}}],"collection":[{"href":"https:\/\/www.federacaopaulistadefutsal.com.br\/novo\/wp-json\/wp\/v2\/posts"}],"about":[{"href":"https:\/\/www.federacaopaulistadefutsal.com.br\/novo\/wp-json\/wp\/v2\/types\/post"}],"author":[{"embeddable":true,"href":"https:\/\/www.federacaopaulistadefutsal.com.br\/novo\/wp-json\/wp\/v2\/users\/1"}],"replies":[{"embeddable":true,"href":"https:\/\/www.federacaopaulistadefutsal.com.br\/novo\/wp-json\/wp\/v2\/comments?post=5848"}],"version-history":[{"count":0,"href":"https:\/\/www.federacaopaulistadefutsal.com.br\/novo\/wp-json\/wp\/v2\/posts\/5848\/revisions"}],"wp:featuredmedia":[{"embeddable":true,"href":"https:\/\/www.federacaopaulistadefutsal.com.br\/novo\/wp-json\/"}],"wp:attachment":[{"href":"https:\/\/www.federacaopaulistadefutsal.com.br\/novo\/wp-json\/wp\/v2\/media?parent=5848"}],"wp:term":[{"taxonomy":"category","embeddable":true,"href":"https:\/\/www.federacaopaulistadefutsal.com.br\/novo\/wp-json\/wp\/v2\/categories?post=5848"},{"taxonomy":"post_tag","embeddable":true,"href":"https:\/\/www.federacaopaulistadefutsal.com.br\/novo\/wp-json\/wp\/v2\/tags?post=5848"}],"curies":[{"name":"wp","href":"https:\/\/api.w.org\/{rel}","templated":true}]}}