{"id":5852,"date":"2015-08-12T15:30:39","date_gmt":"2015-08-12T15:30:39","guid":{"rendered":"http:\/\/www.federacaopaulistadefutsal.com.br\/?p=5852"},"modified":"2015-08-12T15:30:39","modified_gmt":"2015-08-12T15:30:39","slug":"cortado-da-selecao-craque-falcao-desabafa-sobre-lesao-a-mais-seria-da-minha-carreira","status":"publish","type":"post","link":"https:\/\/www.federacaopaulistadefutsal.com.br\/novo\/cortado-da-selecao-craque-falcao-desabafa-sobre-lesao-a-mais-seria-da-minha-carreira\/","title":{"rendered":"Cortado da Sele\u00e7\u00e3o, craque Falc\u00e3o desabafa sobre les\u00e3o: &quot;a mais s\u00e9ria da minha carreira&quot;"},"content":{"rendered":"<p>&nbsp;<br \/>\nUsando uma de suas redes sociais, o craque Falc\u00e3o, que recentemente fez as pazes com a Confedera\u00e7\u00e3o Brasileira de Futebol de Sal\u00e3o (CBFS), contou motivos pelos quais o afastaram do futsal h\u00e1 quase tr\u00eas meses. Camisa 12 do Sorocaba, do t\u00e9cnico Serginho, que tamb\u00e9m est\u00e1 no comando do Brasil na modalidade, considera que, a les\u00e3o na coxa, foi o principal motivo para seu corte da Sele\u00e7\u00e3o brasileira, que disputar\u00e1 a Copa Am\u00e9rica neste m\u00eas de agosto; al\u00e9m do problema do m\u00fasculo, o agravamento de um edema do joelho tamb\u00e9m \u00e9 considerada uma das causas para o afastamento do \u00eddolo do futsal das quadras.<br \/>\n<strong>&#8220;Galera, vi que saiu em alguns lugares que n\u00e3o vou para a Sele\u00e7\u00e3o na Copa Am\u00e9rica por ter me machucado de novo. Na verdade, \u00e9 a mesma les\u00e3o que tive h\u00e1 tr\u00eas meses atr\u00e1s (a mais s\u00e9ria da minha carreira), pois nunca fiquei tanto tempo parado. A les\u00e3o que tive foi no limite da cirurgia, uma les\u00e3o no tend\u00e3o do m\u00fasculo posterior da coxa. A parte m\u00e9dica e fisioterapeuta vem fazendo de tudo para que n\u00e3o tenha cirurgia, e estou nas m\u00e3os dos melhores. J\u00e1 s\u00e3o tr\u00eas meses, em alguns momentos evolui muito, mas para recuperar minha confian\u00e7a e voltar em alto n\u00edvel, preciso me recuperar 100%. Isso envolve parte cl\u00ednica, f\u00edsica e, principalmente, muscular, pois pelo tempo que estou sem jogar e treinar, perdi boa parte da minha musculatura. E a Copa Am\u00e9rica, eu mais jogaria do que treinaria, e o risco de machucar e perder o ano seria grande. Eu voltaria a jogar amanh\u00e3 pela minha equipe, mas ainda n\u00e3o estou no n\u00edvel de competi\u00e7\u00e3o, e tirarei o restante de m\u00eas para me recuperar 100%. Obrigado pelo carinho e torcida de todos&#8221;, desabafou o craque Falc\u00e3o.\u00a0<\/strong><br \/>\nSem o atleta, o Sorocaba n\u00e3o passa por bom momento pela segunda fase da Liga Nacional, principal competi\u00e7\u00e3o do futsal brasileiro. Atualmente, os sorocabanos est\u00e3o na quinta posi\u00e7\u00e3o do grupo B e, caso o torneio terminasse hoje, o atual campe\u00e3o do pa\u00eds estaria eliminado; em cinco partidas, o time interiorano tem dois empates, duas derrotas e apenas uma vit\u00f3ria.<br \/>\nCom a aus\u00eancia do melhor jogador do mundo, a Sele\u00e7\u00e3o contar\u00e1 com Tiaguinho, ala que substituir\u00e1 o craque Falc\u00e3o. Ele, que tem 27 anos e joga pelo Assoeva, do Rio Grande do Sul, j\u00e1 vestiu a camisa do Brasil no cl\u00e1ssico contra a Argentina, que aconteceu no est\u00e1dio Man\u00e9 Garrincha, em Bras\u00edlia, no ano passado. Naquele tempo, o atleta, com passagem pelo Carlos Barbosa, maior campe\u00e3o nacional, estava voltando do futsal russo para a equipe ga\u00facha.<br \/>\n&nbsp;<br \/>\nPor Assessoria FPFS<br \/>\nCom informa\u00e7\u00f5es: GloboEsporte.com<br \/>\nFoto: Reprodu\u00e7\u00e3o\/Instagram (Falc\u00e3o)<br \/>\n&nbsp;<br \/>\n&nbsp;<\/p>\n","protected":false},"excerpt":{"rendered":"<p>&nbsp; Usando uma de suas redes sociais, o craque Falc\u00e3o, que recentemente fez as pazes com a Confedera\u00e7\u00e3o Brasileira de<\/p>\n","protected":false},"author":1,"featured_media":5853,"comment_status":"closed","ping_status":"open","sticky":false,"template":"","format":"standard","meta":{"footnotes":""},"categories":[25,35],"tags":[419,422,563,701,744,746,1019,1505,2239,2270,2325],"class_list":["post-5852","post","type-post","status-publish","format-standard","has-post-thumbnail","hentry","category-destaques","category-selecao","tag-brasil","tag-brasileira","tag-cbfs","tag-copa-america","tag-coxa","tag-craque","tag-falcao","tag-lesao","tag-selecao","tag-serginho","tag-sorocaba"],"_links":{"self":[{"href":"https:\/\/www.federacaopaulistadefutsal.com.br\/novo\/wp-json\/wp\/v2\/posts\/5852","targetHints":{"allow":["GET"]}}],"collection":[{"href":"https:\/\/www.federacaopaulistadefutsal.com.br\/novo\/wp-json\/wp\/v2\/posts"}],"about":[{"href":"https:\/\/www.federacaopaulistadefutsal.com.br\/novo\/wp-json\/wp\/v2\/types\/post"}],"author":[{"embeddable":true,"href":"https:\/\/www.federacaopaulistadefutsal.com.br\/novo\/wp-json\/wp\/v2\/users\/1"}],"replies":[{"embeddable":true,"href":"https:\/\/www.federacaopaulistadefutsal.com.br\/novo\/wp-json\/wp\/v2\/comments?post=5852"}],"version-history":[{"count":0,"href":"https:\/\/www.federacaopaulistadefutsal.com.br\/novo\/wp-json\/wp\/v2\/posts\/5852\/revisions"}],"wp:featuredmedia":[{"embeddable":true,"href":"https:\/\/www.federacaopaulistadefutsal.com.br\/novo\/wp-json\/"}],"wp:attachment":[{"href":"https:\/\/www.federacaopaulistadefutsal.com.br\/novo\/wp-json\/wp\/v2\/media?parent=5852"}],"wp:term":[{"taxonomy":"category","embeddable":true,"href":"https:\/\/www.federacaopaulistadefutsal.com.br\/novo\/wp-json\/wp\/v2\/categories?post=5852"},{"taxonomy":"post_tag","embeddable":true,"href":"https:\/\/www.federacaopaulistadefutsal.com.br\/novo\/wp-json\/wp\/v2\/tags?post=5852"}],"curies":[{"name":"wp","href":"https:\/\/api.w.org\/{rel}","templated":true}]}}