{"id":6034,"date":"2015-08-20T00:10:44","date_gmt":"2015-08-20T00:10:44","guid":{"rendered":"http:\/\/www.federacaopaulistadefutsal.com.br\/?p=6034"},"modified":"2015-08-20T00:10:44","modified_gmt":"2015-08-20T00:10:44","slug":"a-a-fib-vence-por-goleada-amistoso-preparatorio-para-a-copa-paulista","status":"publish","type":"post","link":"https:\/\/www.federacaopaulistadefutsal.com.br\/novo\/a-a-fib-vence-por-goleada-amistoso-preparatorio-para-a-copa-paulista\/","title":{"rendered":"A.A. FIB vence por goleada amistoso preparat\u00f3rio para a Copa Paulista"},"content":{"rendered":"<p>&nbsp;<br \/>\nCom os refor\u00e7os Luccas, Rian, Keda, Guilherme e Jonathan Bob em quadra, a Associa\u00e7\u00e3o Atl\u00e9tica FIB disputou, nesta quarta-feira (19), o primeiro jogo-treino visando a Copa Paulista, principal competi\u00e7\u00e3o que a equipe ter\u00e1 no segundo semestre. Os bauruenses enfrentaram o time de Potunduva, no munic\u00edpio de Ja\u00fa-SP, e venceram por cinco gols de diferen\u00e7a.<br \/>\nApesar da reformula\u00e7\u00e3o no elenco ocorrida ap\u00f3s o t\u00e9rmino da Liga Paulista, a A.A FIB demonstrou entrosamento na primeira etapa da partida amistosa e abriu o placar com Misael. Na sequ\u00eancia, o time\u00a0de Bauru-SP balan\u00e7ou a rede com Gedson e, antes do intervalo, Jonathan Bob ainda marcou seu primeiro tento com a camisa bauruense: 3 a 0.<br \/>\nNo segundo tempo, os jogadores da A.A. FIB mantiveram a postura ofensiva e conseguiram marcar mais tr\u00eas vezes com Gedson, que foi o artilheiro da noite com quatro gols, transformando o placar em goleada. O time de Potunduva, formado por uma sele\u00e7\u00e3o de jogadores que se preparam para a Copa Record, conseguiu descontar, mas n\u00e3o evitou a derrota: 6 a 1.<br \/>\n<strong>\u201cEncaramos um advers\u00e1rio de qualidade, com jogadores experientes, e conseguimos nos impor, mesmo tendo um elenco jovem e jogando fora dos nossos dom\u00ednios. Precisamos enaltecer a atua\u00e7\u00e3o dos nossos atletas, que conseguiram executar tudo o que treinamos e constru\u00edram um placar amplo. E, a partir desse jogo, poderemos ver onde ainda temos que evoluir\u201d, disse o t\u00e9cnico Everton Carvalho da Silva, o Alem\u00e3o.<\/strong><br \/>\nA estreia dos bauruenses pela Copa Paulista deve acontecer no dia 11 de setembro e, a A.A. FIB, est\u00e1 na chave A, junto com Taubat\u00e9, Gr\u00eamio Mogiano, AABB, Pulo do Gato e Indaiatuba\/9 de Julho. O Corinthians, que tamb\u00e9m estava no grupo, desistiu de participar do torneio.<br \/>\n&nbsp;<br \/>\nPor Assessoria FPFS<br \/>\nCom informa\u00e7\u00f5es e foto: Rafael Peloso\/A.A. FIB<br \/>\n&nbsp;<\/p>\n","protected":false},"excerpt":{"rendered":"<p>&nbsp; Com os refor\u00e7os Luccas, Rian, Keda, Guilherme e Jonathan Bob em quadra, a Associa\u00e7\u00e3o Atl\u00e9tica FIB disputou, nesta quarta-feira<\/p>\n","protected":false},"author":1,"featured_media":6035,"comment_status":"closed","ping_status":"open","sticky":false,"template":"","format":"standard","meta":{"footnotes":""},"categories":[29,32],"tags":[99,196,218,367,718,1201,1930,1948,2603],"class_list":["post-6034","post","type-post","status-publish","format-standard","has-post-thumbnail","hentry","category-interior","category-maiores","tag-a-a-fib","tag-alemao","tag-amistoso","tag-bauru","tag-copa-paulista","tag-goleada","tag-potunduva","tag-preparacao","tag-vitoria"],"_links":{"self":[{"href":"https:\/\/www.federacaopaulistadefutsal.com.br\/novo\/wp-json\/wp\/v2\/posts\/6034","targetHints":{"allow":["GET"]}}],"collection":[{"href":"https:\/\/www.federacaopaulistadefutsal.com.br\/novo\/wp-json\/wp\/v2\/posts"}],"about":[{"href":"https:\/\/www.federacaopaulistadefutsal.com.br\/novo\/wp-json\/wp\/v2\/types\/post"}],"author":[{"embeddable":true,"href":"https:\/\/www.federacaopaulistadefutsal.com.br\/novo\/wp-json\/wp\/v2\/users\/1"}],"replies":[{"embeddable":true,"href":"https:\/\/www.federacaopaulistadefutsal.com.br\/novo\/wp-json\/wp\/v2\/comments?post=6034"}],"version-history":[{"count":0,"href":"https:\/\/www.federacaopaulistadefutsal.com.br\/novo\/wp-json\/wp\/v2\/posts\/6034\/revisions"}],"wp:featuredmedia":[{"embeddable":true,"href":"https:\/\/www.federacaopaulistadefutsal.com.br\/novo\/wp-json\/"}],"wp:attachment":[{"href":"https:\/\/www.federacaopaulistadefutsal.com.br\/novo\/wp-json\/wp\/v2\/media?parent=6034"}],"wp:term":[{"taxonomy":"category","embeddable":true,"href":"https:\/\/www.federacaopaulistadefutsal.com.br\/novo\/wp-json\/wp\/v2\/categories?post=6034"},{"taxonomy":"post_tag","embeddable":true,"href":"https:\/\/www.federacaopaulistadefutsal.com.br\/novo\/wp-json\/wp\/v2\/tags?post=6034"}],"curies":[{"name":"wp","href":"https:\/\/api.w.org\/{rel}","templated":true}]}}