{"id":6038,"date":"2015-08-20T00:40:03","date_gmt":"2015-08-20T00:40:03","guid":{"rendered":"http:\/\/www.federacaopaulistadefutsal.com.br\/?p=6038"},"modified":"2015-08-20T00:40:03","modified_gmt":"2015-08-20T00:40:03","slug":"osasco-reencontra-vitoria-e-vence-guarulhos-pelo-paulista-sub-20","status":"publish","type":"post","link":"https:\/\/www.federacaopaulistadefutsal.com.br\/novo\/osasco-reencontra-vitoria-e-vence-guarulhos-pelo-paulista-sub-20\/","title":{"rendered":"Osasco reencontra vit\u00f3ria, e vence Guarulhos pelo Paulista sub-20"},"content":{"rendered":"<p>&nbsp;<br \/>\nEm noite inspirada, a equipe de Osasco reencontrou a vit\u00f3ria pelo Campeonato Paulista de Futsal sub 20 e permanece na vice-lideran\u00e7a da competi\u00e7\u00e3o. Nesta quarta-feira (19), no gin\u00e1sio Sebasti\u00e3o Rafael da Silva, o Geod\u00e9sico, os comandados do t\u00e9cnico Valmir de Souza derrotaram a Multi-for\u00e7a\/Guarulhos por 3 a 0, com gols de Gabriel, Ded\u00e9 e R\u00f4mulo.<br \/>\nO time\u00a0do Osasco pressionou durante toda a partida e foi bem na marca\u00e7\u00e3o, reduzindo os espa\u00e7os e impedindo o avan\u00e7o dos visitantes. Quando Guarulhos chegava ao ataque, &#8220;parava&#8221; nas m\u00e3os do goleiro Giovani, que fez grandes defesas ao longo do confronto;\u00a0Gabriel abriu o placar do jogo, logo aos dois minutos da etapa inicial, ap\u00f3s levar vantagem diante da zaga do Guarulhos e marcar um gola\u00e7o para os anfitri\u00f5es: 1 a 0.<br \/>\nApesar das tentativas, os osasquenses\u00a0n\u00e3o conseguiram ampliar o marcador no primeiro tempo. A\u00a0segunda etapa\u00a0come\u00e7ou e Osasco manteve o ritmo, imprimindo velocidade e boa troca de passes. Ded\u00e9 marcou o segundo gol de Osasco, aos 10 minutos, e, R\u00f4mulo, fechou o placar, aos 18. 3 a 0.<br \/>\n<strong>\u201c\u00c9 muito bom voltar a vencer, e precis\u00e1vamos da vit\u00f3ria, para mantermos a vice-lideran\u00e7a. A equipe conseguiu manter o ritmo da partida nos dois per\u00edodos, apesar de termos perdido boas chances de marcar mais gols\u201d, comentou o t\u00e9cnico Valmir de Souza.<\/strong><br \/>\nO pr\u00f3ximo compromisso de Osasco ser\u00e1 na pr\u00f3xima ter\u00e7a-feira (25), \u00e0s 19h30, no Parque S\u00e3o Jorge, diante do l\u00edder Corinthians.<br \/>\n&nbsp;<br \/>\nPor Assessoria FPFS<br \/>\nCom informa\u00e7\u00f5es e foto: Ana Luisa Rodrigues\/Secretaria de Esportes de Osasco<br \/>\n&nbsp;<\/p>\n","protected":false},"excerpt":{"rendered":"<p>&nbsp; Em noite inspirada, a equipe de Osasco reencontrou a vit\u00f3ria pelo Campeonato Paulista de Futsal sub 20 e permanece<\/p>\n","protected":false},"author":1,"featured_media":6039,"comment_status":"closed","ping_status":"open","sticky":false,"template":"","format":"standard","meta":{"footnotes":""},"categories":[11,32],"tags":[975,1247,1792,1835,2352],"class_list":["post-6038","post","type-post","status-publish","format-standard","has-post-thumbnail","hentry","category-estadual-sub-20","category-maiores","tag-estadual","tag-guarulhos","tag-osasco","tag-paulista","tag-sub-20"],"_links":{"self":[{"href":"https:\/\/www.federacaopaulistadefutsal.com.br\/novo\/wp-json\/wp\/v2\/posts\/6038","targetHints":{"allow":["GET"]}}],"collection":[{"href":"https:\/\/www.federacaopaulistadefutsal.com.br\/novo\/wp-json\/wp\/v2\/posts"}],"about":[{"href":"https:\/\/www.federacaopaulistadefutsal.com.br\/novo\/wp-json\/wp\/v2\/types\/post"}],"author":[{"embeddable":true,"href":"https:\/\/www.federacaopaulistadefutsal.com.br\/novo\/wp-json\/wp\/v2\/users\/1"}],"replies":[{"embeddable":true,"href":"https:\/\/www.federacaopaulistadefutsal.com.br\/novo\/wp-json\/wp\/v2\/comments?post=6038"}],"version-history":[{"count":0,"href":"https:\/\/www.federacaopaulistadefutsal.com.br\/novo\/wp-json\/wp\/v2\/posts\/6038\/revisions"}],"wp:featuredmedia":[{"embeddable":true,"href":"https:\/\/www.federacaopaulistadefutsal.com.br\/novo\/wp-json\/"}],"wp:attachment":[{"href":"https:\/\/www.federacaopaulistadefutsal.com.br\/novo\/wp-json\/wp\/v2\/media?parent=6038"}],"wp:term":[{"taxonomy":"category","embeddable":true,"href":"https:\/\/www.federacaopaulistadefutsal.com.br\/novo\/wp-json\/wp\/v2\/categories?post=6038"},{"taxonomy":"post_tag","embeddable":true,"href":"https:\/\/www.federacaopaulistadefutsal.com.br\/novo\/wp-json\/wp\/v2\/tags?post=6038"}],"curies":[{"name":"wp","href":"https:\/\/api.w.org\/{rel}","templated":true}]}}