{"id":6092,"date":"2015-08-21T15:00:30","date_gmt":"2015-08-21T15:00:30","guid":{"rendered":"http:\/\/www.federacaopaulistadefutsal.com.br\/?p=6092"},"modified":"2015-08-21T15:00:30","modified_gmt":"2015-08-21T15:00:30","slug":"pelo-estadual-menores-do-oportunity-encaram-santo-andre","status":"publish","type":"post","link":"https:\/\/www.federacaopaulistadefutsal.com.br\/novo\/pelo-estadual-menores-do-oportunity-encaram-santo-andre\/","title":{"rendered":"Pelo Estadual, menores do Oportunity encaram Santo Andr\u00e9"},"content":{"rendered":"<p>&nbsp;<br \/>\nAs equipes de menores do Oportunity\/Integral\/Bragan\u00e7a voltam \u00e0 quadra pela segunda rodada do Campeonato Paulista A2, neste s\u00e1bado (22), em Bragan\u00e7a Paulista-SP, no gin\u00e1sio Rubens Battazza, contra o Santo Andr\u00e9. Os jogos acontecem a partir das 13h30, na seguinte ordem: sub-12, 14, 10, 16 e 17.<br \/>\nNa estreia, o time bragantino obteve duas vit\u00f3rias, nas categorias sub-14 e sub-16. J\u00e1 os times sub-10, sub-12 e sub-17 foram derrotados.<br \/>\nA expectativa da comiss\u00e3o do Oportunity por uma boa campanha \u00e9 grande, e, o gin\u00e1sio, com\u00a0entrada franca aos torcedores, provavelmente\u00a0ter\u00e1 grande p\u00fablico, como tem acontecido em confrontos anteriores. Os jogadores da equipe bragantina contam com o apoio da popula\u00e7\u00e3o local para vencerem seus duelos no Estadual.<br \/>\n&nbsp;<br \/>\nPor Assessoria FPFS<br \/>\nCom informa\u00e7\u00f5es: Assessoria de Imprensa\/Oportunity Futsal<br \/>\nFoto: Divulga\u00e7\u00e3o<\/p>\n","protected":false},"excerpt":{"rendered":"<p>&nbsp; As equipes de menores do Oportunity\/Integral\/Bragan\u00e7a voltam \u00e0 quadra pela segunda rodada do Campeonato Paulista A2, neste s\u00e1bado (22),<\/p>\n","protected":false},"author":1,"featured_media":6093,"comment_status":"closed","ping_status":"open","sticky":false,"template":"","format":"standard","meta":{"footnotes":""},"categories":[17,33],"tags":[124,413,975,1643,1780,2181],"class_list":["post-6092","post","type-post","status-publish","format-standard","has-post-thumbnail","hentry","category-estadual-base-a2","category-menores","tag-a2","tag-braganca","tag-estadual","tag-menores-2","tag-oportunity","tag-santo-andre"],"_links":{"self":[{"href":"https:\/\/www.federacaopaulistadefutsal.com.br\/novo\/wp-json\/wp\/v2\/posts\/6092","targetHints":{"allow":["GET"]}}],"collection":[{"href":"https:\/\/www.federacaopaulistadefutsal.com.br\/novo\/wp-json\/wp\/v2\/posts"}],"about":[{"href":"https:\/\/www.federacaopaulistadefutsal.com.br\/novo\/wp-json\/wp\/v2\/types\/post"}],"author":[{"embeddable":true,"href":"https:\/\/www.federacaopaulistadefutsal.com.br\/novo\/wp-json\/wp\/v2\/users\/1"}],"replies":[{"embeddable":true,"href":"https:\/\/www.federacaopaulistadefutsal.com.br\/novo\/wp-json\/wp\/v2\/comments?post=6092"}],"version-history":[{"count":0,"href":"https:\/\/www.federacaopaulistadefutsal.com.br\/novo\/wp-json\/wp\/v2\/posts\/6092\/revisions"}],"wp:featuredmedia":[{"embeddable":true,"href":"https:\/\/www.federacaopaulistadefutsal.com.br\/novo\/wp-json\/"}],"wp:attachment":[{"href":"https:\/\/www.federacaopaulistadefutsal.com.br\/novo\/wp-json\/wp\/v2\/media?parent=6092"}],"wp:term":[{"taxonomy":"category","embeddable":true,"href":"https:\/\/www.federacaopaulistadefutsal.com.br\/novo\/wp-json\/wp\/v2\/categories?post=6092"},{"taxonomy":"post_tag","embeddable":true,"href":"https:\/\/www.federacaopaulistadefutsal.com.br\/novo\/wp-json\/wp\/v2\/tags?post=6092"}],"curies":[{"name":"wp","href":"https:\/\/api.w.org\/{rel}","templated":true}]}}