{"id":6164,"date":"2015-08-24T17:42:14","date_gmt":"2015-08-24T17:42:14","guid":{"rendered":"http:\/\/www.federacaopaulistadefutsal.com.br\/?p=6164"},"modified":"2015-08-24T17:42:14","modified_gmt":"2015-08-24T17:42:14","slug":"jogando-em-casa-oportunity-sofre-goleada-para-dracena-pelo-paulista","status":"publish","type":"post","link":"https:\/\/www.federacaopaulistadefutsal.com.br\/novo\/jogando-em-casa-oportunity-sofre-goleada-para-dracena-pelo-paulista\/","title":{"rendered":"Jogando em casa, Oportunity sofre goleada para Dracenense pelo Paulista"},"content":{"rendered":"<p>&nbsp;<br \/>\nA equipe principal do Oportunity\/FESB disputou, em Bragan\u00e7a, no \u00faltimo s\u00e1bado (22), no gin\u00e1sio Rubens Battazza, partida v\u00e1lida pela\u00a0segunda fase do Campeonato Paulista. Diante do considerado forte time da Dracenense, a equipe bragantina\u00a0acabou derrotada por 10 a 4.<br \/>\nDepois de um bom empate fora de casa contra o Primeiro de Maio, de Santo Andr\u00e9-SP, na abertura da segunda fase, esperava-se que o time de Bragan\u00e7a Paulista-SP conseguisse uma vit\u00f3ria em casa. Mas, Dracena fez jus \u00e0 boa campanha da primeira fase e superou o Oportunity, jogando fora de casa.<br \/>\nO time bragantino, comandado pelo t\u00e9cnico Paulinho Azzi, jogou com: Tobias (goleiro), Luc\u00e3o, Al\u00ea Ivo, Michel, Gustavo, Carlos (goleiro), Palinha, Da Lua, Caio, Arthur, Guilherme e Raphael. Os gols do Oportunity foram marcados por\u00a0Palinha (2), Tobias e Al\u00ea Ivo.<br \/>\nNa pr\u00f3xima rodada, o Oportunity encara o S\u00e3o Jo\u00e3o, em Jundia\u00ed-SP, s\u00e1bado (29), \u00e0s 18h00. O advers\u00e1rio divide a lideran\u00e7a da chave com Dracena, com quatro pontos ganhos, mas leva vantagem nos crit\u00e9rios de desempate; Oportunity e Primeiro de Maio tem um ponto cada.<br \/>\n&nbsp;<br \/>\nPor Assessoria FPFS<br \/>\nCom informa\u00e7\u00f5es: Assessoria de Imprensa\/Oportunity Futsal<br \/>\nFoto: Divulga\u00e7\u00e3o<\/p>\n","protected":false},"excerpt":{"rendered":"<p>&nbsp; A equipe principal do Oportunity\/FESB disputou, em Bragan\u00e7a, no \u00faltimo s\u00e1bado (22), no gin\u00e1sio Rubens Battazza, partida v\u00e1lida pela\u00a0segunda<\/p>\n","protected":false},"author":1,"featured_media":6093,"comment_status":"closed","ping_status":"open","sticky":false,"template":"","format":"standard","meta":{"footnotes":""},"categories":[9,32],"tags":[413,417,877,924,975,1201,1415,1780,1835,1978],"class_list":["post-6164","post","type-post","status-publish","format-standard","has-post-thumbnail","hentry","category-estadual-principal","category-maiores","tag-braganca","tag-bragantinos","tag-dracena","tag-em-casa","tag-estadual","tag-goleada","tag-jogando","tag-oportunity","tag-paulista","tag-principal"],"_links":{"self":[{"href":"https:\/\/www.federacaopaulistadefutsal.com.br\/novo\/wp-json\/wp\/v2\/posts\/6164","targetHints":{"allow":["GET"]}}],"collection":[{"href":"https:\/\/www.federacaopaulistadefutsal.com.br\/novo\/wp-json\/wp\/v2\/posts"}],"about":[{"href":"https:\/\/www.federacaopaulistadefutsal.com.br\/novo\/wp-json\/wp\/v2\/types\/post"}],"author":[{"embeddable":true,"href":"https:\/\/www.federacaopaulistadefutsal.com.br\/novo\/wp-json\/wp\/v2\/users\/1"}],"replies":[{"embeddable":true,"href":"https:\/\/www.federacaopaulistadefutsal.com.br\/novo\/wp-json\/wp\/v2\/comments?post=6164"}],"version-history":[{"count":0,"href":"https:\/\/www.federacaopaulistadefutsal.com.br\/novo\/wp-json\/wp\/v2\/posts\/6164\/revisions"}],"wp:featuredmedia":[{"embeddable":true,"href":"https:\/\/www.federacaopaulistadefutsal.com.br\/novo\/wp-json\/"}],"wp:attachment":[{"href":"https:\/\/www.federacaopaulistadefutsal.com.br\/novo\/wp-json\/wp\/v2\/media?parent=6164"}],"wp:term":[{"taxonomy":"category","embeddable":true,"href":"https:\/\/www.federacaopaulistadefutsal.com.br\/novo\/wp-json\/wp\/v2\/categories?post=6164"},{"taxonomy":"post_tag","embeddable":true,"href":"https:\/\/www.federacaopaulistadefutsal.com.br\/novo\/wp-json\/wp\/v2\/tags?post=6164"}],"curies":[{"name":"wp","href":"https:\/\/api.w.org\/{rel}","templated":true}]}}