{"id":6295,"date":"2015-09-01T15:00:38","date_gmt":"2015-09-01T15:00:38","guid":{"rendered":"http:\/\/www.federacaopaulistadefutsal.com.br\/?p=6295"},"modified":"2015-09-01T15:00:38","modified_gmt":"2015-09-01T15:00:38","slug":"ala-augusto-se-despede-do-sao-jose-para-jogar-no-kuwait","status":"publish","type":"post","link":"https:\/\/www.federacaopaulistadefutsal.com.br\/novo\/ala-augusto-se-despede-do-sao-jose-para-jogar-no-kuwait\/","title":{"rendered":"Ala Augusto se despede do S\u00e3o Jos\u00e9 para jogar no Kuwait"},"content":{"rendered":"<p>&nbsp;<br \/>\nO ala Augusto acertou sua transfer\u00eancia para outro clube e j\u00e1 n\u00e3o faz mais parte da delega\u00e7\u00e3o do S\u00e3o Jos\u00e9 Futsal . O camisa 11 foi para o Kuwait, onde defender\u00e1 as cores do Al Arabi.<br \/>\nAugusto estava no time joseense\u00a0desde 2014 e, a partir de sua chegada, segundo a equipe do Vale do Para\u00edba, come\u00e7ou a ajudar a todos do clube,\u00a0tanto dentro de quadra, levando experi\u00eancia para os demais jogadores, quanto fora das quatro linhas, sempre muito profissional em suas a\u00e7\u00f5es e um incentivador aos\u00a0outros atletas do elenco. Com ele, o S\u00e3o Jos\u00e9\u00a0chegou \u00e0 fase semifinal pela Liga Paulista nesta temporada, al\u00e9m de classifica\u00e7\u00e3o\u00a0para a segunda fase do Nacional.<br \/>\n<strong>&#8220;S\u00f3 tenho a agradecer ao S\u00e3o Jos\u00e9 Futsal por abrir as portas para a minha chegada e pelo profissionalismo nesses 2 anos vestindo a camisa. Fui muito feliz nessa passagem, e agrade\u00e7o todo o carinho da torcida e de todos que convivi nesse tempo. Um at\u00e9 logo para, quem sabe, um dia voltar a vestir essa camisa&#8221;, disse o ala antes de se apresentar ao novo clube.<\/strong><br \/>\nAtrav\u00e9s deste espa\u00e7o cedido pela Federa\u00e7\u00e3o Paulista de Futebol de Sal\u00e3o (FPFS), o\u00a0S\u00e3o Jos\u00e9 Futsal agradece ao jogador pelo excelente servi\u00e7o prestado ao clube, que deseja sorte a Augusto em mais uma nova etapa de sua carreira, desta vez, atuando no exterior.<br \/>\n&nbsp;<br \/>\nPor Assessoria FPFS<br \/>\nCom informa\u00e7\u00f5es: Brenno Domingues\/Quarttus Marketing<br \/>\nFoto:\u00a0Quarttus Marketing<\/p>\n","protected":false},"excerpt":{"rendered":"<p>&nbsp; O ala Augusto acertou sua transfer\u00eancia para outro clube e j\u00e1 n\u00e3o faz mais parte da delega\u00e7\u00e3o do S\u00e3o<\/p>\n","protected":false},"author":1,"featured_media":6296,"comment_status":"closed","ping_status":"open","sticky":false,"template":"","format":"standard","meta":{"footnotes":""},"categories":[29,32],"tags":[320,1131,1477,1645,1788,2163,2201],"class_list":["post-6295","post","type-post","status-publish","format-standard","has-post-thumbnail","hentry","category-interior","category-maiores","tag-augusto","tag-futsal","tag-kuwait","tag-mercado","tag-oriente-medio","tag-saida","tag-sao-jose-futsal"],"_links":{"self":[{"href":"https:\/\/www.federacaopaulistadefutsal.com.br\/novo\/wp-json\/wp\/v2\/posts\/6295","targetHints":{"allow":["GET"]}}],"collection":[{"href":"https:\/\/www.federacaopaulistadefutsal.com.br\/novo\/wp-json\/wp\/v2\/posts"}],"about":[{"href":"https:\/\/www.federacaopaulistadefutsal.com.br\/novo\/wp-json\/wp\/v2\/types\/post"}],"author":[{"embeddable":true,"href":"https:\/\/www.federacaopaulistadefutsal.com.br\/novo\/wp-json\/wp\/v2\/users\/1"}],"replies":[{"embeddable":true,"href":"https:\/\/www.federacaopaulistadefutsal.com.br\/novo\/wp-json\/wp\/v2\/comments?post=6295"}],"version-history":[{"count":0,"href":"https:\/\/www.federacaopaulistadefutsal.com.br\/novo\/wp-json\/wp\/v2\/posts\/6295\/revisions"}],"wp:featuredmedia":[{"embeddable":true,"href":"https:\/\/www.federacaopaulistadefutsal.com.br\/novo\/wp-json\/"}],"wp:attachment":[{"href":"https:\/\/www.federacaopaulistadefutsal.com.br\/novo\/wp-json\/wp\/v2\/media?parent=6295"}],"wp:term":[{"taxonomy":"category","embeddable":true,"href":"https:\/\/www.federacaopaulistadefutsal.com.br\/novo\/wp-json\/wp\/v2\/categories?post=6295"},{"taxonomy":"post_tag","embeddable":true,"href":"https:\/\/www.federacaopaulistadefutsal.com.br\/novo\/wp-json\/wp\/v2\/tags?post=6295"}],"curies":[{"name":"wp","href":"https:\/\/api.w.org\/{rel}","templated":true}]}}