{"id":6427,"date":"2015-09-11T14:00:00","date_gmt":"2015-09-11T14:00:00","guid":{"rendered":"http:\/\/www.federacaopaulistadefutsal.com.br\/?p=6427"},"modified":"2015-09-11T14:00:00","modified_gmt":"2015-09-11T14:00:00","slug":"visando-continuidade-na-copa-paulista-atletas-da-a-a-fib-realizam-atividades-com-bola","status":"publish","type":"post","link":"https:\/\/www.federacaopaulistadefutsal.com.br\/novo\/visando-continuidade-na-copa-paulista-atletas-da-a-a-fib-realizam-atividades-com-bola\/","title":{"rendered":"Visando continuidade na Copa Paulista, atletas da A.A. FIB realizam atividades na academia"},"content":{"rendered":"<p>&nbsp;<br \/>\nA comiss\u00e3o t\u00e9cnica da Associa\u00e7\u00e3o Atl\u00e9tica FIB, formada pelos irm\u00e3os Everton Carvalho da Silva, o Alem\u00e3o, e Elton Carvalho, tem intercalado atividades na academia com treinos com bola na prepara\u00e7\u00e3o dos atletas\u00a0para as partidas da Copa Paulista. O \u00faltimo trabalho de muscula\u00e7\u00e3o foi realizado nesta quinta-feira (10), no campus das Faculdades Integradas de Bauru (FIB).<br \/>\n<strong>&#8220;Os treinos na academia completam as atividades que desenvolvemos em quadra. Os jogadores fortalecem a musculatura e ganham mais resist\u00eancia, e os reflexos podem ser vistos nos jogos, como por exemplo, mais explos\u00e3o, mais for\u00e7a nas jogadas corpo a corpo, entre outros fatores que podem decidir uma vit\u00f3ria&#8221;,<\/strong>\u00a0destacou Elton Carvalho, que supervisionou os atletas no treino.<br \/>\nDesde o in\u00edcio da prepara\u00e7\u00e3o para a Copa Paulista, em junho, os jogadores do elenco da A.A. FIB fazem atividades na academia ao menos uma vez por semana; no primeiro jogo pela competi\u00e7\u00e3o, promovida pela Liga Paulista de Futsal (LPF), os bauruenses derrotaram a A.A.B.B. pelo placar de\u00a03 a 1, no gin\u00e1sio Duduz\u00e3o, em Bauru-SP.<br \/>\nNa segunda rodada, que ser\u00e1 disputada na quarta-feira (16), a A.A. FIB vai enfrentar a A.D. Indaiatuba\/9 de Julho, fora de casa; a partida acontece no gin\u00e1sio do Clube 9 de Julho e marcar\u00e1 a estreia do time indaiatubano no certame. Antes do confronto, a equipe de Bauru-SP treinar\u00e1 em dois per\u00edodos nesta sexta-feira (11), \u00e0s 11h40 e \u00e0s 17h00, no gin\u00e1sio Duduz\u00e3o, e no s\u00e1bado (12), \u00e0s 10h00, tamb\u00e9m em\u00a0quadra.<br \/>\n&nbsp;<br \/>\nPor Assessoria FPFS<br \/>\nCom informa\u00e7\u00f5es e foto: Rafael Peloso\/A.A. FIB<\/p>\n","protected":false},"excerpt":{"rendered":"<p>&nbsp; A comiss\u00e3o t\u00e9cnica da Associa\u00e7\u00e3o Atl\u00e9tica FIB, formada pelos irm\u00e3os Everton Carvalho da Silva, o Alem\u00e3o, e Elton Carvalho,<\/p>\n","protected":false},"author":1,"featured_media":6428,"comment_status":"closed","ping_status":"open","sticky":false,"template":"","format":"standard","meta":{"footnotes":""},"categories":[23,29,32],"tags":[90,99,148,196,718,923,1297,1948,2491,2596],"class_list":["post-6427","post","type-post","status-publish","format-standard","has-post-thumbnail","hentry","category-copa-paulista","category-interior","category-maiores","tag-9-de-julho","tag-a-a-fib","tag-academia","tag-alemao","tag-copa-paulista","tag-elton-carvalho","tag-indaiatuba","tag-preparacao","tag-treinos","tag-visando"],"_links":{"self":[{"href":"https:\/\/www.federacaopaulistadefutsal.com.br\/novo\/wp-json\/wp\/v2\/posts\/6427","targetHints":{"allow":["GET"]}}],"collection":[{"href":"https:\/\/www.federacaopaulistadefutsal.com.br\/novo\/wp-json\/wp\/v2\/posts"}],"about":[{"href":"https:\/\/www.federacaopaulistadefutsal.com.br\/novo\/wp-json\/wp\/v2\/types\/post"}],"author":[{"embeddable":true,"href":"https:\/\/www.federacaopaulistadefutsal.com.br\/novo\/wp-json\/wp\/v2\/users\/1"}],"replies":[{"embeddable":true,"href":"https:\/\/www.federacaopaulistadefutsal.com.br\/novo\/wp-json\/wp\/v2\/comments?post=6427"}],"version-history":[{"count":0,"href":"https:\/\/www.federacaopaulistadefutsal.com.br\/novo\/wp-json\/wp\/v2\/posts\/6427\/revisions"}],"wp:featuredmedia":[{"embeddable":true,"href":"https:\/\/www.federacaopaulistadefutsal.com.br\/novo\/wp-json\/"}],"wp:attachment":[{"href":"https:\/\/www.federacaopaulistadefutsal.com.br\/novo\/wp-json\/wp\/v2\/media?parent=6427"}],"wp:term":[{"taxonomy":"category","embeddable":true,"href":"https:\/\/www.federacaopaulistadefutsal.com.br\/novo\/wp-json\/wp\/v2\/categories?post=6427"},{"taxonomy":"post_tag","embeddable":true,"href":"https:\/\/www.federacaopaulistadefutsal.com.br\/novo\/wp-json\/wp\/v2\/tags?post=6427"}],"curies":[{"name":"wp","href":"https:\/\/api.w.org\/{rel}","templated":true}]}}