{"id":6436,"date":"2015-09-11T15:00:06","date_gmt":"2015-09-11T15:00:06","guid":{"rendered":"http:\/\/www.federacaopaulistadefutsal.com.br\/?p=6436"},"modified":"2015-09-11T15:00:06","modified_gmt":"2015-09-11T15:00:06","slug":"equipes-do-oportunity-de-braganca-paulista-sp-entram-em-quadra-neste-final-de-semana","status":"publish","type":"post","link":"https:\/\/www.federacaopaulistadefutsal.com.br\/novo\/equipes-do-oportunity-de-braganca-paulista-sp-entram-em-quadra-neste-final-de-semana\/","title":{"rendered":"Equipes do Oportunity, de Bragan\u00e7a Paulista-SP, entram em quadra neste final de semana"},"content":{"rendered":"<p>&nbsp;<br \/>\nNeste s\u00e1bado (12), as equipes de menores do Oportunity\/Integral, de Bragan\u00e7a Paulista-SP, medem for\u00e7as com o Clube Comercial, em Lorena-SP. As partidas da equipe bragantina, pelo sub-10, 12, 14, 16 e 17, acontecem a partir das 09h00 e s\u00e3o v\u00e1lidas pela nona rodada do Campeonato Paulista A2, competi\u00e7\u00e3o promovida pela Federa\u00e7\u00e3o Paulista de Futebol de Sal\u00e3o (FPFS).<br \/>\nAl\u00e9m dos meninos do Oportunity, a equipe adulta tamb\u00e9m entrar\u00e1 em quadra neste final de semana. No s\u00e1bado (12), o elenco principal, do Oportunity\/FESB, encara o S\u00e3o Jo\u00e3o, de Jundia\u00ed-SP, \u00e0s 20h00, em casa, no gin\u00e1sio Rubens Battazza; o confronto \u00e9 v\u00e1lido pela quarta rodada da segunda fase do Campeonato Estadual.<br \/>\nJ\u00e1 o time\u00a0feminino enfrenta o Bomfim A., domingo (13), \u00e0s 15h00, no gin\u00e1sio Rog\u00ea Ferreira, em Campinas-SP, pela terceira rodada da Copa Campinas.<br \/>\n&nbsp;<br \/>\nPor Assessoria FPFS<br \/>\nCom informa\u00e7\u00f5es: Assessoria de Imprensa\/Oportunity Futsal<br \/>\nFoto: Divulga\u00e7\u00e3o\/Oportunity Futsal<br \/>\n&nbsp;<br \/>\n&nbsp;<br \/>\n&nbsp;<\/p>\n","protected":false},"excerpt":{"rendered":"<p>&nbsp; Neste s\u00e1bado (12), as equipes de menores do Oportunity\/Integral, de Bragan\u00e7a Paulista-SP, medem for\u00e7as com o Clube Comercial, em<\/p>\n","protected":false},"author":1,"featured_media":6093,"comment_status":"closed","ping_status":"open","sticky":false,"template":"","format":"standard","meta":{"footnotes":""},"categories":[17,9,29,32,33],"tags":[414,417,975,1046,1072,1575,1643,1780,1825],"class_list":["post-6436","post","type-post","status-publish","format-standard","has-post-thumbnail","hentry","category-estadual-base-a2","category-estadual-principal","category-interior","category-maiores","category-menores","tag-braganca-paulista","tag-bragantinos","tag-estadual","tag-feminino","tag-final-de-semana","tag-maiores","tag-menores-2","tag-oportunity","tag-partidas"],"_links":{"self":[{"href":"https:\/\/www.federacaopaulistadefutsal.com.br\/novo\/wp-json\/wp\/v2\/posts\/6436","targetHints":{"allow":["GET"]}}],"collection":[{"href":"https:\/\/www.federacaopaulistadefutsal.com.br\/novo\/wp-json\/wp\/v2\/posts"}],"about":[{"href":"https:\/\/www.federacaopaulistadefutsal.com.br\/novo\/wp-json\/wp\/v2\/types\/post"}],"author":[{"embeddable":true,"href":"https:\/\/www.federacaopaulistadefutsal.com.br\/novo\/wp-json\/wp\/v2\/users\/1"}],"replies":[{"embeddable":true,"href":"https:\/\/www.federacaopaulistadefutsal.com.br\/novo\/wp-json\/wp\/v2\/comments?post=6436"}],"version-history":[{"count":0,"href":"https:\/\/www.federacaopaulistadefutsal.com.br\/novo\/wp-json\/wp\/v2\/posts\/6436\/revisions"}],"wp:featuredmedia":[{"embeddable":true,"href":"https:\/\/www.federacaopaulistadefutsal.com.br\/novo\/wp-json\/"}],"wp:attachment":[{"href":"https:\/\/www.federacaopaulistadefutsal.com.br\/novo\/wp-json\/wp\/v2\/media?parent=6436"}],"wp:term":[{"taxonomy":"category","embeddable":true,"href":"https:\/\/www.federacaopaulistadefutsal.com.br\/novo\/wp-json\/wp\/v2\/categories?post=6436"},{"taxonomy":"post_tag","embeddable":true,"href":"https:\/\/www.federacaopaulistadefutsal.com.br\/novo\/wp-json\/wp\/v2\/tags?post=6436"}],"curies":[{"name":"wp","href":"https:\/\/api.w.org\/{rel}","templated":true}]}}