{"id":6508,"date":"2015-09-15T15:40:19","date_gmt":"2015-09-15T15:40:19","guid":{"rendered":"http:\/\/www.federacaopaulistadefutsal.com.br\/?p=6508"},"modified":"2015-09-15T15:40:19","modified_gmt":"2015-09-15T15:40:19","slug":"pela-liga-nacional-orlandia-cede-empate-para-guarapuava","status":"publish","type":"post","link":"https:\/\/www.federacaopaulistadefutsal.com.br\/novo\/pela-liga-nacional-orlandia-cede-empate-para-guarapuava\/","title":{"rendered":"Pela Liga Nacional, Orl\u00e2ndia cede empate para Guarapuava"},"content":{"rendered":"<p>&nbsp;<br \/>\nJogando em casa, no gin\u00e1sio Maur\u00edcio Leite de Moraes, a ADC Intelli\/Orl\u00e2ndia empatou com\u00a0o CAD\/Guarapuava pelo placar de 4 a 4. Mesmo\u00a0com o resultado, que teve &#8220;gosto&#8221; de derrota j\u00e1 que o time orlandino estava vencendo por dois gols de diferen\u00e7a, mas cedeu o empate, os comandados de Cid\u00e3o seguem invictos neste returno da segunda fase da Liga Nacional.<br \/>\nOs gols da partida entre paulistas e paranaenses foram marcados por:\u00a0Cabreuva (02), Jackson e Dieguinho (Intelli), e\u00a0Vitor, Mauricinho, Adeirton e Bynho (Guarapuava). A equipe de Orl\u00e2ndia est\u00e1 muito perto de conseguir a classifica\u00e7\u00e3o \u00e0 pr\u00f3xima etapa da LNF.<br \/>\nA Intelli segue na lideran\u00e7a do grupo A, com 17 pontos ganhos, seguida pelo\u00a0Joinville, que tem os mesmos 17, mas perde nos crit\u00e9rios de desempate. Jaragu\u00e1, que venceu Lajeado em outro jogo da rodada,\u00a0aparece na zona de classifica\u00e7\u00e3o, com 15 pontos, e o CAD\/Guarapuava, tem\u00a011, assumindo a quarta coloca\u00e7\u00e3o da chave.<br \/>\nO pr\u00f3ximo desafio do Orl\u00e2ndia pela Liga Nacional \u00e9 duelo contra o Joinville, de Santa Catarina, jogando em casa, s\u00e1bado (19), no Maur\u00edcio Leite de Moraes. J\u00e1 o time paranaense, encara os paulistas do S\u00e3o Jos\u00e9, no Joaquim Prestes.<br \/>\n&nbsp;<br \/>\nPor Assessoria FPFS<br \/>\nCom informa\u00e7\u00f5es: Carlos Silva\/ADC Intelli<br \/>\nFoto: Divulga\u00e7\u00e3o\/M\u00e1rcio Dami\u00e3o<br \/>\n&nbsp;<br \/>\n&nbsp;<br \/>\n&nbsp;<br \/>\n&nbsp;<\/p>\n","protected":false},"excerpt":{"rendered":"<p>&nbsp; Jogando em casa, no gin\u00e1sio Maur\u00edcio Leite de Moraes, a ADC Intelli\/Orl\u00e2ndia empatou com\u00a0o CAD\/Guarapuava pelo placar de 4<\/p>\n","protected":false},"author":1,"featured_media":6509,"comment_status":"closed","ping_status":"open","sticky":false,"template":"","format":"standard","meta":{"footnotes":""},"categories":[30,32],"tags":[565,595,648,929,1238,1323,1344,1546,1709,1789,1791,2225],"class_list":["post-6508","post","type-post","status-publish","format-standard","has-post-thumbnail","hentry","category-liga-nacional-de-futsal","category-maiores","tag-cede","tag-cidao","tag-competicao","tag-empate","tag-guarapuava","tag-intelli","tag-invicto","tag-lnf","tag-nacional","tag-orlandia","tag-orlandinos","tag-segunda-fase"],"_links":{"self":[{"href":"https:\/\/www.federacaopaulistadefutsal.com.br\/novo\/wp-json\/wp\/v2\/posts\/6508","targetHints":{"allow":["GET"]}}],"collection":[{"href":"https:\/\/www.federacaopaulistadefutsal.com.br\/novo\/wp-json\/wp\/v2\/posts"}],"about":[{"href":"https:\/\/www.federacaopaulistadefutsal.com.br\/novo\/wp-json\/wp\/v2\/types\/post"}],"author":[{"embeddable":true,"href":"https:\/\/www.federacaopaulistadefutsal.com.br\/novo\/wp-json\/wp\/v2\/users\/1"}],"replies":[{"embeddable":true,"href":"https:\/\/www.federacaopaulistadefutsal.com.br\/novo\/wp-json\/wp\/v2\/comments?post=6508"}],"version-history":[{"count":0,"href":"https:\/\/www.federacaopaulistadefutsal.com.br\/novo\/wp-json\/wp\/v2\/posts\/6508\/revisions"}],"wp:featuredmedia":[{"embeddable":true,"href":"https:\/\/www.federacaopaulistadefutsal.com.br\/novo\/wp-json\/"}],"wp:attachment":[{"href":"https:\/\/www.federacaopaulistadefutsal.com.br\/novo\/wp-json\/wp\/v2\/media?parent=6508"}],"wp:term":[{"taxonomy":"category","embeddable":true,"href":"https:\/\/www.federacaopaulistadefutsal.com.br\/novo\/wp-json\/wp\/v2\/categories?post=6508"},{"taxonomy":"post_tag","embeddable":true,"href":"https:\/\/www.federacaopaulistadefutsal.com.br\/novo\/wp-json\/wp\/v2\/tags?post=6508"}],"curies":[{"name":"wp","href":"https:\/\/api.w.org\/{rel}","templated":true}]}}