{"id":6515,"date":"2015-09-16T15:00:33","date_gmt":"2015-09-16T15:00:33","guid":{"rendered":"http:\/\/www.federacaopaulistadefutsal.com.br\/?p=6515"},"modified":"2015-09-16T15:00:33","modified_gmt":"2015-09-16T15:00:33","slug":"jogando-em-casa-itapevaosasco-empata-com-sao-jose-pela-copa-paulista","status":"publish","type":"post","link":"https:\/\/www.federacaopaulistadefutsal.com.br\/novo\/jogando-em-casa-itapevaosasco-empata-com-sao-jose-pela-copa-paulista\/","title":{"rendered":"Jogando em casa, Itapeva\/Osasco empata com S\u00e3o Jos\u00e9 pela Copa Paulista"},"content":{"rendered":"<p>&nbsp;<br \/>\nEm partida v\u00e1lida pela segunda rodada da Copa Paulista de Futsal, a equipe do Itapeva\/Osasco empatou com S\u00e3o Jos\u00e9 em 2 a 2, na noite desta segunda-feira (14), em Itapeva-SP. Com o resultado, Osasco\u00a0permanece na quinta coloca\u00e7\u00e3o, com 2 pontos ganhos e, na pr\u00f3xima semana, na quinta-feira (24), encara a A.D. Yoka, em Guaratinguet\u00e1-SP.<br \/>\nO primeiro tempo da partida terminou com vantagem dos visitantes em 2 a 1, com dois gols de Vitor Mello, aos 12 e 14 minutos. Flavinho diminuiu para os osasquenses,\u00a0faltando dois minutos para o fim da etapa inicial.<br \/>\n<strong>&#8220;N\u00e3o jogamos bem no primeiro tempo, tivemos falhas na marca\u00e7\u00e3o e acabamos levando os gols. Quando voc\u00ea come\u00e7a a marcar sobre press\u00e3o, as chances de fazer mais faltas aumentam e foi o que aconteceu&#8221;,<\/strong> comentou Walmir de Souza, t\u00e9cnico do Osasco.<br \/>\nNo come\u00e7o do segundo tempo, Rafael empatou para os donos da casa, aos 40 segundos de jogo. S\u00e3o Jos\u00e9 pressionava e obrigava os anfitri\u00f5es a marcarem forte. Aos 14 minutos da segunda etapa, Osasco j\u00e1 havia feito cinco faltas.<br \/>\nQuando a equipe marcou a sexta falta, contou com a seguran\u00e7a do goleiro Pedro, que defendeu o tiro livre de Vitor Mello e assegurou o segundo empate de Itapeva\/Osasco na competi\u00e7\u00e3o. Na estreia da Copa Paulista, a equipe havia empatado com S\u00e3o Caetano pelo placar de 3 a 3.<br \/>\n&nbsp;<br \/>\nPor Assessoria FPFS<br \/>\nCom informa\u00e7\u00f5es e foto: Ana Luisa Rodrigues\/SEREL de Osasco-SP<br \/>\n&nbsp;<\/p>\n","protected":false},"excerpt":{"rendered":"<p>&nbsp; Em partida v\u00e1lida pela segunda rodada da Copa Paulista de Futsal, a equipe do Itapeva\/Osasco empatou com S\u00e3o Jos\u00e9<\/p>\n","protected":false},"author":1,"featured_media":6516,"comment_status":"closed","ping_status":"open","sticky":false,"template":"","format":"standard","meta":{"footnotes":""},"categories":[23,32],"tags":[683,718,924,929,1361,1556,1792,1793,2198],"class_list":["post-6515","post","type-post","status-publish","format-standard","has-post-thumbnail","hentry","category-copa-paulista","category-maiores","tag-consecutivo","tag-copa-paulista","tag-em-casa","tag-empate","tag-itapeva","tag-lpf","tag-osasco","tag-osasquenses","tag-sao-jose"],"_links":{"self":[{"href":"https:\/\/www.federacaopaulistadefutsal.com.br\/novo\/wp-json\/wp\/v2\/posts\/6515","targetHints":{"allow":["GET"]}}],"collection":[{"href":"https:\/\/www.federacaopaulistadefutsal.com.br\/novo\/wp-json\/wp\/v2\/posts"}],"about":[{"href":"https:\/\/www.federacaopaulistadefutsal.com.br\/novo\/wp-json\/wp\/v2\/types\/post"}],"author":[{"embeddable":true,"href":"https:\/\/www.federacaopaulistadefutsal.com.br\/novo\/wp-json\/wp\/v2\/users\/1"}],"replies":[{"embeddable":true,"href":"https:\/\/www.federacaopaulistadefutsal.com.br\/novo\/wp-json\/wp\/v2\/comments?post=6515"}],"version-history":[{"count":0,"href":"https:\/\/www.federacaopaulistadefutsal.com.br\/novo\/wp-json\/wp\/v2\/posts\/6515\/revisions"}],"wp:featuredmedia":[{"embeddable":true,"href":"https:\/\/www.federacaopaulistadefutsal.com.br\/novo\/wp-json\/"}],"wp:attachment":[{"href":"https:\/\/www.federacaopaulistadefutsal.com.br\/novo\/wp-json\/wp\/v2\/media?parent=6515"}],"wp:term":[{"taxonomy":"category","embeddable":true,"href":"https:\/\/www.federacaopaulistadefutsal.com.br\/novo\/wp-json\/wp\/v2\/categories?post=6515"},{"taxonomy":"post_tag","embeddable":true,"href":"https:\/\/www.federacaopaulistadefutsal.com.br\/novo\/wp-json\/wp\/v2\/tags?post=6515"}],"curies":[{"name":"wp","href":"https:\/\/api.w.org\/{rel}","templated":true}]}}