{"id":6537,"date":"2015-09-17T15:30:02","date_gmt":"2015-09-17T15:30:02","guid":{"rendered":"http:\/\/www.federacaopaulistadefutsal.com.br\/?p=6537"},"modified":"2015-09-17T15:30:02","modified_gmt":"2015-09-17T15:30:02","slug":"taubate-vai-a-sao-paulo-sp-para-encarar-a-a-b-b-pela-copa-paulista","status":"publish","type":"post","link":"https:\/\/www.federacaopaulistadefutsal.com.br\/novo\/taubate-vai-a-sao-paulo-sp-para-encarar-a-a-b-b-pela-copa-paulista\/","title":{"rendered":"Taubat\u00e9 vai a S\u00e3o Paulo-SP para encarar A.A.B.B. pela Copa Paulista"},"content":{"rendered":"<p>&nbsp;<br \/>\nEm busca da segunda vit\u00f3ria na Copa Paulista, o\u00a0Taubat\u00e9 enfrenta a A.A.B.B. neste s\u00e1bado (19), jogando fora de casa, em duelo v\u00e1lido pela segunda rodada da competi\u00e7\u00e3o. A partida acontece a partir das 19h30, em S\u00e3o Paulo-SP.<br \/>\n<strong>&#8220;Ser\u00e1 um jogo dif\u00edcil por causa da qualidade do advers\u00e1rio, que possui uma marca\u00e7\u00e3o forte e \u00e9 r\u00e1pido nas jogadas de contra-ataques. Vamos preparados para enfrent\u00e1-los e precisamos somar pontos&#8221;,<\/strong> disse Bruno Zuchinalli, t\u00e9cnico do time taubateano.<br \/>\nLeandrinho, ala\/piv\u00f4 que estava lesionado, estar\u00e1 \u00e0\u00a0disposi\u00e7\u00e3o do treinador;\u00a0j\u00e1 o ala Max, ainda \u00e9 d\u00favida devido \u00e0\u00a0dor na regi\u00e3o lombar. Autor de dois gols na estreia contra o Pulo do Gato, de Campinas-SP, o ala Gui est\u00e1 confiante para o confronto em S\u00e3o Paulo-SP.<br \/>\n<strong>&#8220;Come\u00e7amos bem o campeonato e temos que manter a mesma concentra\u00e7\u00e3o no decorrer da Copa. Cada ponto conquistado fora de Taubat\u00e9-SP vai fazer a diferen\u00e7a&#8221;,\u00a0<\/strong>declarou o jogador.<br \/>\nO reencontro da equipe do Vale do Para\u00edba com sua torcida\u00a0est\u00e1 marcado para o dia 25 de setembro, \u00e0s 20h45, no gin\u00e1sio do Cemte, quando os donos da casa recebem a A.D. Indaiatuba.<br \/>\n&nbsp;<br \/>\nPor Assessoria FPFS<br \/>\nCom informa\u00e7\u00f5es: Top 10 Comunica\u00e7\u00e3o<br \/>\nFoto: Divulga\u00e7\u00e3o\/ Jonas Barbetta\/Top 10 Comunica\u00e7\u00e3o<\/p>\n","protected":false},"excerpt":{"rendered":"<p>&nbsp; Em busca da segunda vit\u00f3ria na Copa Paulista, o\u00a0Taubat\u00e9 enfrenta a A.A.B.B. neste s\u00e1bado (19), jogando fora de casa,<\/p>\n","protected":false},"author":1,"featured_media":6538,"comment_status":"closed","ping_status":"open","sticky":false,"template":"","format":"standard","meta":{"footnotes":""},"categories":[23,29,32],"tags":[104,431,671,718,1103,2207,2414,2419,2548],"class_list":["post-6537","post","type-post","status-publish","format-standard","has-post-thumbnail","hentry","category-copa-paulista","category-interior","category-maiores","tag-a-a-b-b","tag-bruno-zuchinalli","tag-confronto","tag-copa-paulista","tag-fora-de-casa","tag-sao-paulo","tag-taubate","tag-taubateanos","tag-vale-do-paraiba"],"_links":{"self":[{"href":"https:\/\/www.federacaopaulistadefutsal.com.br\/novo\/wp-json\/wp\/v2\/posts\/6537","targetHints":{"allow":["GET"]}}],"collection":[{"href":"https:\/\/www.federacaopaulistadefutsal.com.br\/novo\/wp-json\/wp\/v2\/posts"}],"about":[{"href":"https:\/\/www.federacaopaulistadefutsal.com.br\/novo\/wp-json\/wp\/v2\/types\/post"}],"author":[{"embeddable":true,"href":"https:\/\/www.federacaopaulistadefutsal.com.br\/novo\/wp-json\/wp\/v2\/users\/1"}],"replies":[{"embeddable":true,"href":"https:\/\/www.federacaopaulistadefutsal.com.br\/novo\/wp-json\/wp\/v2\/comments?post=6537"}],"version-history":[{"count":0,"href":"https:\/\/www.federacaopaulistadefutsal.com.br\/novo\/wp-json\/wp\/v2\/posts\/6537\/revisions"}],"wp:featuredmedia":[{"embeddable":true,"href":"https:\/\/www.federacaopaulistadefutsal.com.br\/novo\/wp-json\/"}],"wp:attachment":[{"href":"https:\/\/www.federacaopaulistadefutsal.com.br\/novo\/wp-json\/wp\/v2\/media?parent=6537"}],"wp:term":[{"taxonomy":"category","embeddable":true,"href":"https:\/\/www.federacaopaulistadefutsal.com.br\/novo\/wp-json\/wp\/v2\/categories?post=6537"},{"taxonomy":"post_tag","embeddable":true,"href":"https:\/\/www.federacaopaulistadefutsal.com.br\/novo\/wp-json\/wp\/v2\/tags?post=6537"}],"curies":[{"name":"wp","href":"https:\/\/api.w.org\/{rel}","templated":true}]}}