{"id":6541,"date":"2015-09-17T16:00:54","date_gmt":"2015-09-17T16:00:54","guid":{"rendered":"http:\/\/www.federacaopaulistadefutsal.com.br\/?p=6541"},"modified":"2015-09-17T16:00:54","modified_gmt":"2015-09-17T16:00:54","slug":"em-jogo-pegado-a-a-fib-consegue-empate-fora-de-casa-pela-copa-paulista-2","status":"publish","type":"post","link":"https:\/\/www.federacaopaulistadefutsal.com.br\/novo\/em-jogo-pegado-a-a-fib-consegue-empate-fora-de-casa-pela-copa-paulista-2\/","title":{"rendered":"Em jogo \u201cpegado\u201d, A.A. FIB consegue empate fora de casa pela Copa Paulista"},"content":{"rendered":"<p>&nbsp;<br \/>\nA estreia da Associa\u00e7\u00e3o Atl\u00e9tica FIB fora de Bauru-SP na Copa Paulista foi cheia de emo\u00e7\u00f5es; o confronto contra a A.D. Indaiatuba, disputado nesta quarta-feira (16), no gin\u00e1sio do Clube 9 de Julho, teve expuls\u00f5es, viradas no placar e gol nos instantes finais. Os bauruenses conquistaram empate, mantendo a invencibilidade e a lideran\u00e7a da chave A da competi\u00e7\u00e3o.<br \/>\nSem o artilheiro Gedson, que se transferiu para o futsal italiano, os irm\u00e3os Everton Carvalho da Silva, o Alem\u00e3o, e Elton Carvalho, escalaram a A.A. FIB com o goleiro Luccas, o fixo Rafael Vilela, Fabr\u00edcio e Misael como alas e o piv\u00f4 Jonathan Bob. Os bauruenses esperavam um advers\u00e1rio ofensivo, entretanto, criaram as primeiras chances de marcar; Misael finalizou errado duas vezes e, na terceira tentativa, balan\u00e7ou a rede na metade do primeiro tempo: 0\u00a0a 1.<br \/>\nAp\u00f3s sofrer o gol, a A.D. Indaiatuba se lan\u00e7ou ao ataque e respondeu com Grilinho e o piv\u00f4 Wesley Bahia, que fez parte do elenco bauruense na Liga Paulista de Futsal (LPF). Pouco depois ao lance, a equipe indaiatubana, que havia finalizado seis vezes na partida, conseguiu chegar ao empate com F\u00e1bio e virou com Valtinho, em um chute da intermedi\u00e1ria: 2 a 1.<br \/>\nNo fim do primeiro tempo, o placar do gin\u00e1sio do Clube 9 de Julho marcava 2 a 1 para o time da casa, que voltou do intervalo dando trabalho ao\u00a0goleiro Luccas, obrigado a fazer grande defesa no chute de Grilinho. Os visitantes\u00a0reagiram r\u00e1pido e, no lance seguinte, a A.A. FIB quase empatou com Jonathan Bob.<br \/>\nO jogo ficou mais intenso na marca\u00e7\u00e3o e tr\u00eas atletas receberam o cart\u00e3o amarelo: Fabr\u00edcio e Keda, pelo lado bauruense, e Wesley Bahia, pela A.D. Indaiatuba. Escapando dos marcadores, Jonathan Bob e Leonardo tiveram chances de empatar, por\u00e9m, pararam nas m\u00e3os do goleiro. Rian, que fez sua estreia pela equipe de Bauru-SP, arriscou de longe e a bola passou rente \u00e0 trave.<br \/>\nCom a aproxima\u00e7\u00e3o do apito final, a A.D. Indaiatuba se fechou no campo defensivo e assistiu a uma press\u00e3o\u00a0da A.A. FIB, que buscou o gol com Misael, Leandro e Keda, que tamb\u00e9m estreou com a camisa bauruense. A press\u00e3o n\u00e3o resultou em gol e a partida voltou a ficar tensa, Jonathan Bob e o indaiatubano Igor receberam cart\u00e3o vermelho e foram expulsos.<br \/>\nCom tr\u00eas jogadores de cada lado, Keda achou espa\u00e7o na defesa da A.D. Indaiatuba e deixou tudo igual: 2 a 2. A virada da A.A. FIB quase saiu dos p\u00e9s do autor do gol de empate; quem marcou em seguida ao lance do jogador da A.A. FIB, foi Denis, que n\u00e3o desperdi\u00e7ou, fazendo 3 a 2 para o time de Indaiatuba-SP. Quando parecia que o resultado estava definido, Fabr\u00edcio, a poucos minutos do fim, empatou mais uma vez: 3 a 3.<br \/>\n<strong>&#8220;N\u00e3o vencemos, mas pontuamos fora de casa diante de um rival direto e conquistamos nosso objetivo, que era nos mantermos na zona de classifica\u00e7\u00e3o para a segunda fase. Est\u00e3o todos de parab\u00e9ns, afinal, provaram que nosso elenco \u00e9 forte&#8221;,<\/strong> destacou Alem\u00e3o, t\u00e9cnico da A.A. FIB.<br \/>\nCom o ponto conquistado em Indaiatuba-SP, a A.A FIB permanece na lideran\u00e7a da chave A da Copa Paulista, com 4 pontos ganhos, seguida por Gr\u00eamio Mogiano e Taubat\u00e9, ambos com 3, e A.D. Indaiatuba\/9 de Julho, com 1 ponto ganho. A equipe de Bauru-SP volta \u00e0 quadra no dia 29 de setembro para enfrentar o Pulo do Gato, de Campinas-SP, novamente longe dos seus dom\u00ednios.<br \/>\n&nbsp;<br \/>\nPor Assessoria FPFS<br \/>\nCom informa\u00e7\u00f5es e foto: Rafael Peloso\/A.A. FIB<\/p>\n","protected":false},"excerpt":{"rendered":"<p>&nbsp; A estreia da Associa\u00e7\u00e3o Atl\u00e9tica FIB fora de Bauru-SP na Copa Paulista foi cheia de emo\u00e7\u00f5es; o confronto contra<\/p>\n","protected":false},"author":1,"featured_media":6535,"comment_status":"closed","ping_status":"open","sticky":false,"template":"","format":"standard","meta":{"footnotes":""},"categories":[23,29,32],"tags":[99,196,367,369,671,718,929,1297,1418,1853],"class_list":["post-6541","post","type-post","status-publish","format-standard","has-post-thumbnail","hentry","category-copa-paulista","category-interior","category-maiores","tag-a-a-fib","tag-alemao","tag-bauru","tag-bauruenses","tag-confronto","tag-copa-paulista","tag-empate","tag-indaiatuba","tag-jogo","tag-pegado"],"_links":{"self":[{"href":"https:\/\/www.federacaopaulistadefutsal.com.br\/novo\/wp-json\/wp\/v2\/posts\/6541","targetHints":{"allow":["GET"]}}],"collection":[{"href":"https:\/\/www.federacaopaulistadefutsal.com.br\/novo\/wp-json\/wp\/v2\/posts"}],"about":[{"href":"https:\/\/www.federacaopaulistadefutsal.com.br\/novo\/wp-json\/wp\/v2\/types\/post"}],"author":[{"embeddable":true,"href":"https:\/\/www.federacaopaulistadefutsal.com.br\/novo\/wp-json\/wp\/v2\/users\/1"}],"replies":[{"embeddable":true,"href":"https:\/\/www.federacaopaulistadefutsal.com.br\/novo\/wp-json\/wp\/v2\/comments?post=6541"}],"version-history":[{"count":0,"href":"https:\/\/www.federacaopaulistadefutsal.com.br\/novo\/wp-json\/wp\/v2\/posts\/6541\/revisions"}],"wp:featuredmedia":[{"embeddable":true,"href":"https:\/\/www.federacaopaulistadefutsal.com.br\/novo\/wp-json\/"}],"wp:attachment":[{"href":"https:\/\/www.federacaopaulistadefutsal.com.br\/novo\/wp-json\/wp\/v2\/media?parent=6541"}],"wp:term":[{"taxonomy":"category","embeddable":true,"href":"https:\/\/www.federacaopaulistadefutsal.com.br\/novo\/wp-json\/wp\/v2\/categories?post=6541"},{"taxonomy":"post_tag","embeddable":true,"href":"https:\/\/www.federacaopaulistadefutsal.com.br\/novo\/wp-json\/wp\/v2\/tags?post=6541"}],"curies":[{"name":"wp","href":"https:\/\/api.w.org\/{rel}","templated":true}]}}