{"id":6593,"date":"2015-09-22T16:05:37","date_gmt":"2015-09-22T16:05:37","guid":{"rendered":"http:\/\/www.federacaopaulistadefutsal.com.br\/?p=6593"},"modified":"2015-09-22T16:05:37","modified_gmt":"2015-09-22T16:05:37","slug":"apos-goleada-sobre-aruja-botucatuense-chega-a-11a-vitoria-no-paulista","status":"publish","type":"post","link":"https:\/\/www.federacaopaulistadefutsal.com.br\/novo\/apos-goleada-sobre-aruja-botucatuense-chega-a-11a-vitoria-no-paulista\/","title":{"rendered":"Ap\u00f3s goleada sobre Aruj\u00e1, Botucatuense chega \u00e0 11\u00aa vit\u00f3ria no Paulista"},"content":{"rendered":"<p>&nbsp;<br \/>\nNo \u00faltimo domingo (20), em duelo v\u00e1lido pelo Campeonato Paulista de futsal, a Associa\u00e7\u00e3o Atl\u00e9tica Botucatuense (A.A.B.) goleou a equipe do Aruj\u00e1 pelo placar de 8 a 1. Com a vit\u00f3ria, 11\u00aa do time de Botucatu-SP na competi\u00e7\u00e3o, a equipe segue invicta e lidera o Paulist\u00e3o com 100% de aproveitamento.<br \/>\nO resultado diante dos arujaenses confirmou o primeiro lugar da Veterana no grupo H da segunda fase do torneio; a Botucatuense est\u00e1 na lideran\u00e7a da chave, com 15 pontos ganhos, Sert\u00e3ozinho vem logo atr\u00e1s, com 7. Na classifica\u00e7\u00e3o geral do Paulista, o time principal dos botucatuenses segue em primeiro, com 33 pontos; Franco da Rocha, com 29, e Dracenense, que tem 28, est\u00e3o na segunda e terceira coloca\u00e7\u00e3o, respectivamente.<br \/>\nOs gols da goleada da Estrela Solit\u00e1ria de Botucatu-SP sobre Aruj\u00e1 foram marcados por: Erivaldo (2), Tiago (2), Kevin, Eder, Renan e Bui\u00fa. A Veterana encerra sua participa\u00e7\u00e3o nesta etapa do Paulista contra a Pinhal Futsal, no dia 26 de setembro, \u00e0s 20h00, na casa do advers\u00e1rio.<br \/>\n&nbsp;<br \/>\nPor Assessoria FPFS<br \/>\nCom informa\u00e7\u00f5es: Erick Facioli\/A.A. Botucatuense<br \/>\nFoto: Divulga\u00e7\u00e3o\/A.A. Botucatuense<br \/>\n&nbsp;<br \/>\n&nbsp;<br \/>\n&nbsp;<\/p>\n","protected":false},"excerpt":{"rendered":"<p>&nbsp; No \u00faltimo domingo (20), em duelo v\u00e1lido pelo Campeonato Paulista de futsal, a Associa\u00e7\u00e3o Atl\u00e9tica Botucatuense (A.A.B.) goleou a<\/p>\n","protected":false},"author":1,"featured_media":6257,"comment_status":"closed","ping_status":"open","sticky":false,"template":"","format":"standard","meta":{"footnotes":""},"categories":[25,9,32],"tags":[280,409,410,648,975,1201,1342,1978,2459,2577],"class_list":["post-6593","post","type-post","status-publish","format-standard","has-post-thumbnail","hentry","category-destaques","category-estadual-principal","category-maiores","tag-aruja","tag-botucatu","tag-botucatuense","tag-competicao","tag-estadual","tag-goleada","tag-invicta","tag-principal","tag-time","tag-veterana"],"_links":{"self":[{"href":"https:\/\/www.federacaopaulistadefutsal.com.br\/novo\/wp-json\/wp\/v2\/posts\/6593","targetHints":{"allow":["GET"]}}],"collection":[{"href":"https:\/\/www.federacaopaulistadefutsal.com.br\/novo\/wp-json\/wp\/v2\/posts"}],"about":[{"href":"https:\/\/www.federacaopaulistadefutsal.com.br\/novo\/wp-json\/wp\/v2\/types\/post"}],"author":[{"embeddable":true,"href":"https:\/\/www.federacaopaulistadefutsal.com.br\/novo\/wp-json\/wp\/v2\/users\/1"}],"replies":[{"embeddable":true,"href":"https:\/\/www.federacaopaulistadefutsal.com.br\/novo\/wp-json\/wp\/v2\/comments?post=6593"}],"version-history":[{"count":0,"href":"https:\/\/www.federacaopaulistadefutsal.com.br\/novo\/wp-json\/wp\/v2\/posts\/6593\/revisions"}],"wp:featuredmedia":[{"embeddable":true,"href":"https:\/\/www.federacaopaulistadefutsal.com.br\/novo\/wp-json\/"}],"wp:attachment":[{"href":"https:\/\/www.federacaopaulistadefutsal.com.br\/novo\/wp-json\/wp\/v2\/media?parent=6593"}],"wp:term":[{"taxonomy":"category","embeddable":true,"href":"https:\/\/www.federacaopaulistadefutsal.com.br\/novo\/wp-json\/wp\/v2\/categories?post=6593"},{"taxonomy":"post_tag","embeddable":true,"href":"https:\/\/www.federacaopaulistadefutsal.com.br\/novo\/wp-json\/wp\/v2\/tags?post=6593"}],"curies":[{"name":"wp","href":"https:\/\/api.w.org\/{rel}","templated":true}]}}