{"id":6719,"date":"2015-09-28T19:52:00","date_gmt":"2015-09-28T19:52:00","guid":{"rendered":"http:\/\/www.federacaopaulistadefutsal.com.br\/?p=6719"},"modified":"2015-09-28T19:52:00","modified_gmt":"2015-09-28T19:52:00","slug":"nota-de-falecimento-carlos-copello-o-gaucho-tecnico-do-g-e-aymore-de-cubatao-morre-aos-68-anos","status":"publish","type":"post","link":"https:\/\/www.federacaopaulistadefutsal.com.br\/novo\/nota-de-falecimento-carlos-copello-o-gaucho-tecnico-do-g-e-aymore-de-cubatao-morre-aos-68-anos\/","title":{"rendered":"NOTA DE FALECIMENTO &#8211; Carlos Copello, o Ga\u00facho, t\u00e9cnico do G.E. Aymor\u00e9 de Cubat\u00e3o, morre aos 68 anos"},"content":{"rendered":"<p>Com muito pesar que comunicamos o falecimento de Carlos Alberto Copello dos Santos (Ga\u00facho), presidente <strong>do Gr\u00eamio Esportivo Aymor\u00e9 de Cubat\u00e3o &#8211; GEAC<\/strong>, nesta \u00faltima sexta-feira, 25 de setembro. Ga\u00facho tinha 68 anos, dedicou mais 40 anos de sua vida ao Futsal Paulista.<br \/>\nO dirigente conquistou v\u00e1rios t\u00edtulos com o Aymor\u00e9, clube fundado por ele na d\u00e9cada de 1970, e com a sele\u00e7\u00e3o de Cubat\u00e3o. Entre as principais conquistas do t\u00e9cnico, est\u00e3o os Campeonatos Estaduais e Metropolitanos promovidos pela FPFS, al\u00e9m Jogos Regionais.<br \/>\n<a href=\"http:\/\/www.federacaopaulistadefutsal.com.br\/wp-content\/uploads\/2015\/09\/Helcio_Padovam.jpg\"><img decoding=\"async\" class=\"alignleft size-thumbnail wp-image-6721\" src=\"http:\/\/www.federacaopaulistadefutsal.com.br\/wp-content\/uploads\/2015\/09\/Helcio_Padovam-150x150.jpg\" alt=\"Helcio_Padovam\" width=\"150\" height=\"150\" \/><\/a>O presidente da <strong>Liga Regional de Futsal<\/strong>, H\u00e9lcio Padovam, lamentou o falecimento do esportista que se destacava por formar times de alto n\u00edvel na modalidade.<br \/>\n\u2013 <em>O futsal perdeu um grande esportista. O Ga\u00facho incentivou muito a modalidade e zelava pela disciplina em quadra. Ele nunca foi expulso mesmo com uma longa carreira no esporte<\/em> \u2013 disse Padovam.<br \/>\nA Federa\u00e7\u00e3o Paulista de Futsal presta sua solidariedade \u00e0 fam\u00edlia e agradece pela honra de ter tido ilustr\u00edssimo dirigente Ga\u00facho como um de seus disputantes das competi\u00e7\u00f5es promovidas por esta entidade.<\/p>\n","protected":false},"excerpt":{"rendered":"<p>Com muito pesar que comunicamos o falecimento de Carlos Alberto Copello dos Santos (Ga\u00facho), presidente do Gr\u00eamio Esportivo Aymor\u00e9 de<\/p>\n","protected":false},"author":1,"featured_media":6720,"comment_status":"closed","ping_status":"open","sticky":false,"template":"","format":"standard","meta":{"footnotes":""},"categories":[25,32],"tags":[],"class_list":["post-6719","post","type-post","status-publish","format-standard","has-post-thumbnail","hentry","category-destaques","category-maiores"],"_links":{"self":[{"href":"https:\/\/www.federacaopaulistadefutsal.com.br\/novo\/wp-json\/wp\/v2\/posts\/6719","targetHints":{"allow":["GET"]}}],"collection":[{"href":"https:\/\/www.federacaopaulistadefutsal.com.br\/novo\/wp-json\/wp\/v2\/posts"}],"about":[{"href":"https:\/\/www.federacaopaulistadefutsal.com.br\/novo\/wp-json\/wp\/v2\/types\/post"}],"author":[{"embeddable":true,"href":"https:\/\/www.federacaopaulistadefutsal.com.br\/novo\/wp-json\/wp\/v2\/users\/1"}],"replies":[{"embeddable":true,"href":"https:\/\/www.federacaopaulistadefutsal.com.br\/novo\/wp-json\/wp\/v2\/comments?post=6719"}],"version-history":[{"count":0,"href":"https:\/\/www.federacaopaulistadefutsal.com.br\/novo\/wp-json\/wp\/v2\/posts\/6719\/revisions"}],"wp:featuredmedia":[{"embeddable":true,"href":"https:\/\/www.federacaopaulistadefutsal.com.br\/novo\/wp-json\/"}],"wp:attachment":[{"href":"https:\/\/www.federacaopaulistadefutsal.com.br\/novo\/wp-json\/wp\/v2\/media?parent=6719"}],"wp:term":[{"taxonomy":"category","embeddable":true,"href":"https:\/\/www.federacaopaulistadefutsal.com.br\/novo\/wp-json\/wp\/v2\/categories?post=6719"},{"taxonomy":"post_tag","embeddable":true,"href":"https:\/\/www.federacaopaulistadefutsal.com.br\/novo\/wp-json\/wp\/v2\/tags?post=6719"}],"curies":[{"name":"wp","href":"https:\/\/api.w.org\/{rel}","templated":true}]}}