{"id":6823,"date":"2015-10-06T15:40:06","date_gmt":"2015-10-06T15:40:06","guid":{"rendered":"http:\/\/www.federacaopaulistadefutsal.com.br\/?p=6823"},"modified":"2015-10-06T15:40:06","modified_gmt":"2015-10-06T15:40:06","slug":"pela-copa-paulista-de-futsal-orlandia-bate-itapeva-fora-de-casa","status":"publish","type":"post","link":"https:\/\/www.federacaopaulistadefutsal.com.br\/novo\/pela-copa-paulista-de-futsal-orlandia-bate-itapeva-fora-de-casa\/","title":{"rendered":"Pela Copa Paulista de Futsal, Orl\u00e2ndia bate Itapeva fora de casa"},"content":{"rendered":"<p>&nbsp;<br \/>\nPela Copa Paulista, a ADC Intelli\/Ol\u00e2ndia, na \u00faltima segunda-feira (05), venceu a equipe do Itapeva\/Osasco pelo placar de 3 a 0. Apesar de poupar alguns de seus jogadores, o t\u00e9cnico Cid\u00e3o, juntamente com a equipe orlandina, bateu os itapevenses fora de casa; os gols do time gren\u00e1 foram marcados por Guina, em duas oportunidades, e Thiago.<br \/>\n<strong>&#8220;Fico muito feliz com esse tipo de atua\u00e7\u00e3o, isso mostra que o grupo n\u00e3o tem essa de reserva ou titular, o que existe \u00e9 um grupo grande, formado pensando em todas as competi\u00e7\u00f5es. Pode ser que, \u00e0s vezes, por uma s\u00e9rie de motivos um jogador atue menos nesta ou naquela competi\u00e7\u00e3o mas, quando \u00e9 chamado a contribuir, todos est\u00e3o prontos&#8221;,<\/strong> declarou o treinador\u00a0do Orl\u00e2ndia.<br \/>\nCom o resultado, a Intelli est\u00e1 na quarta coloca\u00e7\u00e3o da chave B, com quatro pontos ganhos e, agora, na zona de classifica\u00e7\u00e3o \u00e0 pr\u00f3xima fase da Copa. A equipe orlandina, focada na disputada da Liga Nacional, busca testar\u00a0diversos de seus jogadores pela competi\u00e7\u00e3o estadual.<br \/>\nNa quinta-feira (08), os comandados do t\u00e9cnico Cid\u00e3o, pela Copa Paulista de Futsal, encaram a A.D. Yoka, fora de casa, \u00e0s 20h00, no gin\u00e1sio do Itaguar\u00e1, em Guaratinguet\u00e1-SP. Para a partida contra os guaratinguetaenses, o treinador do Orl\u00e2ndia deve escalar o mesmo grupo que bateu o Itapeva.<br \/>\n&nbsp;<br \/>\nPor Assessoria FPFS<br \/>\nCom informa\u00e7\u00f5es: Carlos Silva\/ADC Intelli<br \/>\nFoto: Divulga\u00e7\u00e3o\/M\u00e1rcio Dami\u00e3o<br \/>\n&nbsp;<\/p>\n","protected":false},"excerpt":{"rendered":"<p>&nbsp; Pela Copa Paulista, a ADC Intelli\/Ol\u00e2ndia, na \u00faltima segunda-feira (05), venceu a equipe do Itapeva\/Osasco pelo placar de 3<\/p>\n","protected":false},"author":1,"featured_media":6824,"comment_status":"closed","ping_status":"open","sticky":false,"template":"","format":"standard","meta":{"footnotes":""},"categories":[23,32],"tags":[595,699,718,1228,1323,1361,1789,1791,1792,2603],"class_list":["post-6823","post","type-post","status-publish","format-standard","has-post-thumbnail","hentry","category-copa-paulista","category-maiores","tag-cidao","tag-copa","tag-copa-paulista","tag-grena","tag-intelli","tag-itapeva","tag-orlandia","tag-orlandinos","tag-osasco","tag-vitoria"],"_links":{"self":[{"href":"https:\/\/www.federacaopaulistadefutsal.com.br\/novo\/wp-json\/wp\/v2\/posts\/6823","targetHints":{"allow":["GET"]}}],"collection":[{"href":"https:\/\/www.federacaopaulistadefutsal.com.br\/novo\/wp-json\/wp\/v2\/posts"}],"about":[{"href":"https:\/\/www.federacaopaulistadefutsal.com.br\/novo\/wp-json\/wp\/v2\/types\/post"}],"author":[{"embeddable":true,"href":"https:\/\/www.federacaopaulistadefutsal.com.br\/novo\/wp-json\/wp\/v2\/users\/1"}],"replies":[{"embeddable":true,"href":"https:\/\/www.federacaopaulistadefutsal.com.br\/novo\/wp-json\/wp\/v2\/comments?post=6823"}],"version-history":[{"count":0,"href":"https:\/\/www.federacaopaulistadefutsal.com.br\/novo\/wp-json\/wp\/v2\/posts\/6823\/revisions"}],"wp:featuredmedia":[{"embeddable":true,"href":"https:\/\/www.federacaopaulistadefutsal.com.br\/novo\/wp-json\/"}],"wp:attachment":[{"href":"https:\/\/www.federacaopaulistadefutsal.com.br\/novo\/wp-json\/wp\/v2\/media?parent=6823"}],"wp:term":[{"taxonomy":"category","embeddable":true,"href":"https:\/\/www.federacaopaulistadefutsal.com.br\/novo\/wp-json\/wp\/v2\/categories?post=6823"},{"taxonomy":"post_tag","embeddable":true,"href":"https:\/\/www.federacaopaulistadefutsal.com.br\/novo\/wp-json\/wp\/v2\/tags?post=6823"}],"curies":[{"name":"wp","href":"https:\/\/api.w.org\/{rel}","templated":true}]}}