{"id":6834,"date":"2015-10-06T17:00:41","date_gmt":"2015-10-06T17:00:41","guid":{"rendered":"http:\/\/www.federacaopaulistadefutsal.com.br\/?p=6834"},"modified":"2015-10-06T17:00:41","modified_gmt":"2015-10-06T17:00:41","slug":"com-retorno-de-jogadores-a-a-fib-recebe-taubate-pela-copa-paulista","status":"publish","type":"post","link":"https:\/\/www.federacaopaulistadefutsal.com.br\/novo\/com-retorno-de-jogadores-a-a-fib-recebe-taubate-pela-copa-paulista\/","title":{"rendered":"Com retorno de jogadores, A.A. FIB recebe Taubat\u00e9 pela Copa Paulista"},"content":{"rendered":"<p class=\"western\" align=\"JUSTIFY\">Na pr\u00f3xima quarta-feira (07), a Associa\u00e7\u00e3o Atl\u00e9tica FIB, de Bauru-SP, recebe o Taubat\u00e9 pela Copa Paulista de Futsal, \u00e0s 20h00, no gin\u00e1sio Duduz\u00e3o, no campus das Faculdades Integradas de Bauru (FIB). O time bauruense busca a vit\u00f3ria contra a\u00a0equipe taubateana para se recuperar na competi\u00e7\u00e3o estadual, j\u00e1 que perdeu seu\u00a0\u00faltimo duelo para o Pulo do Gato; os donos da casa contar\u00e3o com refor\u00e7os para o confronto.<\/p>\n<p class=\"western\" align=\"JUSTIFY\">Al\u00e9m do experiente ala destro Danilinho, que foi apresentado na sexta-feira (02) e far\u00e1 sua estreia, a equipe de Bauru-SP tamb\u00e9m ter\u00e1 os retornos\u00a0de Jonathan Bob e Rafael Vilela, que cumpriram suspens\u00e3o na derrota para o Pulo do Gato, em Campinas-SP.\u00a0<strong>&#8220;\u00c9 muito ruim ficar de fora, ver os companheiros se doando em quadra e n\u00e3o poder ajudar. Estou voltando de suspens\u00e3o ap\u00f3s um resultado negativo e quero sair do Duduz\u00e3o com uma vit\u00f3ria&#8221;,<\/strong> afirmou Rafael Vilela.<\/p>\n<p class=\"western\" align=\"JUSTIFY\">Apesar dos refor\u00e7os, Keda segue fora por causa de problemas particulares, e Al\u00ea, que foi expulso na partida anterior pela Copa, cumprir\u00e1 suspens\u00e3o diante do\u00a0Taubat\u00e9.<strong> &#8220;Esse \u00e9 o jogo mais importante do segundo semestre para n\u00f3s. \u00c9 com esse esp\u00edrito que vamos entrar em quadra e, quem jogar, n\u00e3o vai poupar esfor\u00e7os para vencermos&#8221;,<\/strong> garantiu o t\u00e9cnico da A.A. FIB, Everton Carvalho da Silva, o Alem\u00e3o.<\/p>\n<p class=\"western\" align=\"JUSTIFY\">Os bauruenses ocupam a terceira posi\u00e7\u00e3o da chave A, com quatro pontos ganhos; o time de Taubat\u00e9-SP aparece em segundo, com dois pontos a mais. O l\u00edder do grupo \u00e9 o Gr\u00eamio Mogiano, que tem sete e, atr\u00e1s da A.A. FIB, est\u00e3o AABB e Pulo do Gato, ambos com tr\u00eas pontos, e A.D. Indaiatuba, que soma um ponto. Os quatro melhores colocados de cada grupo avan\u00e7am \u00e0 segunda fase da Copa Paulista.<\/p>\n<p class=\"western\" align=\"JUSTIFY\">Por Assessoria FPFS<\/p>\n<p class=\"western\" align=\"JUSTIFY\">Com informa\u00e7\u00f5es e foto: Rafael Peloso\/A.A. FIB<\/p>\n","protected":false},"excerpt":{"rendered":"<p>Na pr\u00f3xima quarta-feira (07), a Associa\u00e7\u00e3o Atl\u00e9tica FIB, de Bauru-SP, recebe o Taubat\u00e9 pela Copa Paulista de Futsal, \u00e0s 20h00,<\/p>\n","protected":false},"author":1,"featured_media":6837,"comment_status":"closed","ping_status":"open","sticky":false,"template":"","format":"standard","meta":{"footnotes":""},"categories":[23,32],"tags":[99,196,367,369,699,718,1334,2414,2419,2548],"class_list":["post-6834","post","type-post","status-publish","format-standard","has-post-thumbnail","hentry","category-copa-paulista","category-maiores","tag-a-a-fib","tag-alemao","tag-bauru","tag-bauruenses","tag-copa","tag-copa-paulista","tag-interior","tag-taubate","tag-taubateanos","tag-vale-do-paraiba"],"_links":{"self":[{"href":"https:\/\/www.federacaopaulistadefutsal.com.br\/novo\/wp-json\/wp\/v2\/posts\/6834","targetHints":{"allow":["GET"]}}],"collection":[{"href":"https:\/\/www.federacaopaulistadefutsal.com.br\/novo\/wp-json\/wp\/v2\/posts"}],"about":[{"href":"https:\/\/www.federacaopaulistadefutsal.com.br\/novo\/wp-json\/wp\/v2\/types\/post"}],"author":[{"embeddable":true,"href":"https:\/\/www.federacaopaulistadefutsal.com.br\/novo\/wp-json\/wp\/v2\/users\/1"}],"replies":[{"embeddable":true,"href":"https:\/\/www.federacaopaulistadefutsal.com.br\/novo\/wp-json\/wp\/v2\/comments?post=6834"}],"version-history":[{"count":0,"href":"https:\/\/www.federacaopaulistadefutsal.com.br\/novo\/wp-json\/wp\/v2\/posts\/6834\/revisions"}],"wp:featuredmedia":[{"embeddable":true,"href":"https:\/\/www.federacaopaulistadefutsal.com.br\/novo\/wp-json\/"}],"wp:attachment":[{"href":"https:\/\/www.federacaopaulistadefutsal.com.br\/novo\/wp-json\/wp\/v2\/media?parent=6834"}],"wp:term":[{"taxonomy":"category","embeddable":true,"href":"https:\/\/www.federacaopaulistadefutsal.com.br\/novo\/wp-json\/wp\/v2\/categories?post=6834"},{"taxonomy":"post_tag","embeddable":true,"href":"https:\/\/www.federacaopaulistadefutsal.com.br\/novo\/wp-json\/wp\/v2\/tags?post=6834"}],"curies":[{"name":"wp","href":"https:\/\/api.w.org\/{rel}","templated":true}]}}